{"id":47725,"date":"2023-01-15T20:18:09","date_gmt":"2023-01-15T23:18:09","guid":{"rendered":"https:\/\/maricatotal.com.br\/site\/?p=47725"},"modified":"2023-01-18T00:26:36","modified_gmt":"2023-01-18T03:26:36","slug":"projeto-marola-certa-leva-conhecimento-preventivo-para-criancas-e-adolescentes-na-barra-de-marica","status":"publish","type":"post","link":"https:\/\/maricatotal.com.br\/site\/2023\/01\/15\/projeto-marola-certa-leva-conhecimento-preventivo-para-criancas-e-adolescentes-na-barra-de-marica\/","title":{"rendered":"Projeto \u201cMarola Certa\u201d leva conhecimento preventivo para crian\u00e7as e adolescentes na Barra de Maric\u00e1"},"content":{"rendered":"\n<p>A Prefeitura de Maric\u00e1, por meio da Secretaria de Prote\u00e7\u00e3o e Defesa Civil de Maric\u00e1, realizou neste s\u00e1bado (14\/01), na Praia da Barra de Maric\u00e1, a primeira edi\u00e7\u00e3o do \u201cMarola Certa\u201d de 2023. O projeto reuniu cerca de 100 crian\u00e7as e adolescentes para uma s\u00e9rie de atividades para ampliar a preven\u00e7\u00e3o, disseminar conhecimento sobre esportes aqu\u00e1ticos, al\u00e9m de unir profissionais e especialistas da \u00e1rea em a\u00e7\u00f5es junto \u00e0 popula\u00e7\u00e3o.<\/p>\n\n\n\n<figure class=\"wp-block-image size-full\"><img loading=\"lazy\" decoding=\"async\" width=\"768\" height=\"512\" src=\"https:\/\/maricatotal.com.br\/site\/wp-content\/uploads\/2023\/01\/B2C3DA59-3E33-4FF1-A6E3-8DC16ED6B947.jpeg\" alt=\"\" class=\"wp-image-47727\" srcset=\"https:\/\/maricatotal.com.br\/site\/wp-content\/uploads\/2023\/01\/B2C3DA59-3E33-4FF1-A6E3-8DC16ED6B947.jpeg 768w, https:\/\/maricatotal.com.br\/site\/wp-content\/uploads\/2023\/01\/B2C3DA59-3E33-4FF1-A6E3-8DC16ED6B947-300x200.jpeg 300w\" sizes=\"auto, (max-width: 768px) 100vw, 768px\" \/><\/figure>\n\n\n\n<p>Os alunos tamb\u00e9m participaram de oficinas sobre preven\u00e7\u00e3o a afogamentos, suporte b\u00e1sico de vida, salvamento na \u00e1gua e leitura correta das bandeiras de sinaliza\u00e7\u00e3o das praias. Al\u00e9m disso, tiveram no\u00e7\u00f5es b\u00e1sicas sobre oceanografia, forma\u00e7\u00e3o das ondas, nata\u00e7\u00e3o, preven\u00e7\u00e3o de inc\u00eandios, limpeza das praias, entre outros.<\/p>\n\n\n\n<p>O secret\u00e1rio de Prote\u00e7\u00e3o e Defesa Civil, Fabr\u00edcio Bittencourt, destacou que o projeto ser\u00e1 levado para outros pontos da orla da cidade. \u201cNossa ideia inicial \u00e9 que toda orla da cidade possa receber o projeto, desde Itaipua\u00e7u a Jacon\u00e9. Queremos levar para Itaipua\u00e7u ainda este m\u00eas e faremos um cronograma para ao longo do ano, n\u00e3o s\u00f3 no per\u00edodo do ver\u00e3o. Nosso objetivo \u00e9 que as crian\u00e7as e adolescentes aprendam a se prevenirem contra afogamentos e que conhe\u00e7am as condi\u00e7\u00f5es do nosso mar evitando os perigos\u201d, explicou Fabr\u00edcio.<\/p>\n\n\n\n<figure class=\"wp-block-image size-full\"><img loading=\"lazy\" decoding=\"async\" width=\"768\" height=\"512\" src=\"https:\/\/maricatotal.com.br\/site\/wp-content\/uploads\/2023\/01\/92D3E420-12E9-4402-A725-3EEBFB83C913.jpeg\" alt=\"\" class=\"wp-image-47728\" srcset=\"https:\/\/maricatotal.com.br\/site\/wp-content\/uploads\/2023\/01\/92D3E420-12E9-4402-A725-3EEBFB83C913.jpeg 768w, https:\/\/maricatotal.com.br\/site\/wp-content\/uploads\/2023\/01\/92D3E420-12E9-4402-A725-3EEBFB83C913-300x200.jpeg 300w\" sizes=\"auto, (max-width: 768px) 100vw, 768px\" \/><\/figure>\n\n\n\n<p>A iniciativa conta com as parcerias da Secretaria de Agricultura, Pecu\u00e1ria e Pesca, da Servi\u00e7os de Obras de Maric\u00e1 (Somar) e da Sociedade Brasileira de Salvamento Aqu\u00e1tico (Sobrasa). Outras edi\u00e7\u00f5es est\u00e3o previstas para os pr\u00f3ximos meses nas praias de Itaipua\u00e7u, Cordeirinho, Ponta Negra e Jacon\u00e9 com datas que ainda ser\u00e3o confirmadas.<\/p>\n\n\n\n<p>Pais aprovam o projeto<\/p>\n\n\n\n<p>Moradora da Gamboa, a funcion\u00e1ria p\u00fablica Carla Silva contou que o filho Yuri, de 8 anos, participa do projeto desde o in\u00edcio. \u201cEle participa desde a primeira edi\u00e7\u00e3o e adora, sempre conta animado as coisas que aprendeu. \u00c9 um projeto muito importante e que ensina as crian\u00e7as a como nadar e a como evitar afogamentos\u201d, afirmou.<\/p>\n\n\n\n<figure class=\"wp-block-image size-full\"><img loading=\"lazy\" decoding=\"async\" width=\"768\" height=\"512\" src=\"https:\/\/maricatotal.com.br\/site\/wp-content\/uploads\/2023\/01\/D48724F2-ACA0-45C1-80F5-800EF9C14A96.jpeg\" alt=\"\" class=\"wp-image-47729\" srcset=\"https:\/\/maricatotal.com.br\/site\/wp-content\/uploads\/2023\/01\/D48724F2-ACA0-45C1-80F5-800EF9C14A96.jpeg 768w, https:\/\/maricatotal.com.br\/site\/wp-content\/uploads\/2023\/01\/D48724F2-ACA0-45C1-80F5-800EF9C14A96-300x200.jpeg 300w\" sizes=\"auto, (max-width: 768px) 100vw, 768px\" \/><\/figure>\n\n\n\n<p>Moradora do Condado, a pensionista Let\u00edcia Silvino, m\u00e3e do Rafael, de 13 anos, acredita que o projeto auxilia no incentivo ao esporte. \u201cO projeto \u00e9 bom em todos os sentidos, desde o incentivo ao esporte at\u00e9 a conscientiza\u00e7\u00e3o ambiental e os cuidados com o mar. Aqui eles aprendem um pouco sobre tudo, principalmente como se prevenir, e meu filho est\u00e1 super animado\u201d, contou<\/p>\n","protected":false},"excerpt":{"rendered":"<p>A Prefeitura de Maric\u00e1, por meio da Secretaria de Prote\u00e7\u00e3o e Defesa Civil de Maric\u00e1, realizou neste s\u00e1bado (14\/01), na<\/p>\n","protected":false},"author":1,"featured_media":47730,"comment_status":"open","ping_status":"open","sticky":false,"template":"","format":"standard","meta":{"colormag_page_container_layout":"default_layout","colormag_page_sidebar_layout":"default_layout","footnotes":""},"categories":[1],"tags":[],"class_list":["post-47725","post","type-post","status-publish","format-standard","has-post-thumbnail","hentry","category-noticias"],"amp_enabled":true,"_links":{"self":[{"href":"https:\/\/maricatotal.com.br\/site\/wp-json\/wp\/v2\/posts\/47725","targetHints":{"allow":["GET"]}}],"collection":[{"href":"https:\/\/maricatotal.com.br\/site\/wp-json\/wp\/v2\/posts"}],"about":[{"href":"https:\/\/maricatotal.com.br\/site\/wp-json\/wp\/v2\/types\/post"}],"author":[{"embeddable":true,"href":"https:\/\/maricatotal.com.br\/site\/wp-json\/wp\/v2\/users\/1"}],"replies":[{"embeddable":true,"href":"https:\/\/maricatotal.com.br\/site\/wp-json\/wp\/v2\/comments?post=47725"}],"version-history":[{"count":1,"href":"https:\/\/maricatotal.com.br\/site\/wp-json\/wp\/v2\/posts\/47725\/revisions"}],"predecessor-version":[{"id":47731,"href":"https:\/\/maricatotal.com.br\/site\/wp-json\/wp\/v2\/posts\/47725\/revisions\/47731"}],"wp:featuredmedia":[{"embeddable":true,"href":"https:\/\/maricatotal.com.br\/site\/wp-json\/wp\/v2\/media\/47730"}],"wp:attachment":[{"href":"https:\/\/maricatotal.com.br\/site\/wp-json\/wp\/v2\/media?parent=47725"}],"wp:term":[{"taxonomy":"category","embeddable":true,"href":"https:\/\/maricatotal.com.br\/site\/wp-json\/wp\/v2\/categories?post=47725"},{"taxonomy":"post_tag","embeddable":true,"href":"https:\/\/maricatotal.com.br\/site\/wp-json\/wp\/v2\/tags?post=47725"}],"curies":[{"name":"wp","href":"https:\/\/api.w.org\/{rel}","templated":true}]}}