{"id":4776,"date":"2019-11-21T20:31:39","date_gmt":"2019-11-21T23:31:39","guid":{"rendered":"http:\/\/maricatotal.com.br\/site\/?p=4776"},"modified":"2019-11-21T20:31:42","modified_gmt":"2019-11-21T23:31:42","slug":"estado-de-gugu-e-irreversivel-informa-apresentador-amaury-jr","status":"publish","type":"post","link":"https:\/\/maricatotal.com.br\/site\/2019\/11\/21\/estado-de-gugu-e-irreversivel-informa-apresentador-amaury-jr\/","title":{"rendered":"ESTADO DE GUGU \u00c9 IRREVERS\u00cdVEL, INFORMA APRESENTADOR AMAURY JR"},"content":{"rendered":"\n<figure class=\"wp-block-image size-large\"><img loading=\"lazy\" decoding=\"async\" width=\"700\" height=\"470\" src=\"http:\/\/maricatotal.com.br\/site\/wp-content\/uploads\/2019\/11\/EJ7Yc-eWkAAPABM-1.png\" alt=\"\" class=\"wp-image-4778\" srcset=\"https:\/\/maricatotal.com.br\/site\/wp-content\/uploads\/2019\/11\/EJ7Yc-eWkAAPABM-1.png 700w, https:\/\/maricatotal.com.br\/site\/wp-content\/uploads\/2019\/11\/EJ7Yc-eWkAAPABM-1-300x201.png 300w\" sizes=\"auto, (max-width: 700px) 100vw, 700px\" \/><\/figure>\n\n\n\n<p> <\/p>\n\n\n\n<p>Gugu Liberato sofreu um acidente dom\u00e9stico nesta quarta-feira (20), em sua mans\u00e3o localizada em Orlando, no estado da Fl\u00f3rida, nos Estados Unidos. A Band News, atrav\u00e9s do jornalista Reinaldo Azevedo, afirmou que o apresentador morreu aos 60 anos. Minutos depois, ele negou a informa\u00e7\u00e3o. J\u00e1 o apresentador Amaury Jr publicou em seu blog que o estado de Gugu \u00e9 irrevers\u00edvel.<\/p>\n\n\n\n<p>Gugu estava colocando enfeites de Natal na parte externa da casa, onde moram seus filhos Jo\u00e3o Augusto, de 17 anos, e as g\u00eameas Sofia e Marina, de 15 anos, quando caiu de uma altura de quatro metros e bateu com a cabe\u00e7a em uma quina. Levado \u00e0s pressas ao hospital mais pr\u00f3ximo, o apresentador foi internado em estado muito grave. De acordo com as primeiras informa\u00e7\u00f5es, Gugu teria tido morte cerebral.<\/p>\n\n\n\n<p>A coluna foi informada sobre o \u00f3bito na tarde de hoje, mas em respeito \u00e0 fam\u00edlia, preferiu esperar um comunicado oficial ou que outro ve\u00edculo noticiasse o fato. A Record TV segue mantendo a morte de seu funcion\u00e1rio em sigilo at\u00e9 que a fam\u00edlia chegasse ao hospital e planejou um pronunciamento oficial sobre o falecimento \u00e0s 21h. Dona Maria do C\u00e9u, m\u00e3e do apresentador de 90 anos, embarcou nesta manh\u00e3, \u00e0s 10h20, em um v\u00f4o da TAM JJ8186 para Orlando, para acompanhar todo o tr\u00e2mite de perto. Ela desembarcou \u00e0s 16h. O corpo de Gugu Liberato ser\u00e1 transferido para S\u00e3o Paulo, onde o enterro ser\u00e1 realizado no Cemit\u00e9rio do Murumbi, o mesmo onde o pai de Gugu foi enterrado. <\/p>\n","protected":false},"excerpt":{"rendered":"<p>Gugu Liberato sofreu um acidente dom\u00e9stico nesta quarta-feira (20), em sua mans\u00e3o localizada em Orlando, no estado da Fl\u00f3rida, nos<\/p>\n","protected":false},"author":1,"featured_media":0,"comment_status":"open","ping_status":"open","sticky":false,"template":"","format":"standard","meta":{"colormag_page_container_layout":"default_layout","colormag_page_sidebar_layout":"default_layout","footnotes":""},"categories":[18],"tags":[],"class_list":["post-4776","post","type-post","status-publish","format-standard","hentry","category-entretenimento"],"amp_enabled":true,"_links":{"self":[{"href":"https:\/\/maricatotal.com.br\/site\/wp-json\/wp\/v2\/posts\/4776","targetHints":{"allow":["GET"]}}],"collection":[{"href":"https:\/\/maricatotal.com.br\/site\/wp-json\/wp\/v2\/posts"}],"about":[{"href":"https:\/\/maricatotal.com.br\/site\/wp-json\/wp\/v2\/types\/post"}],"author":[{"embeddable":true,"href":"https:\/\/maricatotal.com.br\/site\/wp-json\/wp\/v2\/users\/1"}],"replies":[{"embeddable":true,"href":"https:\/\/maricatotal.com.br\/site\/wp-json\/wp\/v2\/comments?post=4776"}],"version-history":[{"count":0,"href":"https:\/\/maricatotal.com.br\/site\/wp-json\/wp\/v2\/posts\/4776\/revisions"}],"wp:attachment":[{"href":"https:\/\/maricatotal.com.br\/site\/wp-json\/wp\/v2\/media?parent=4776"}],"wp:term":[{"taxonomy":"category","embeddable":true,"href":"https:\/\/maricatotal.com.br\/site\/wp-json\/wp\/v2\/categories?post=4776"},{"taxonomy":"post_tag","embeddable":true,"href":"https:\/\/maricatotal.com.br\/site\/wp-json\/wp\/v2\/tags?post=4776"}],"curies":[{"name":"wp","href":"https:\/\/api.w.org\/{rel}","templated":true}]}}