{"id":47800,"date":"2023-01-16T20:25:53","date_gmt":"2023-01-16T23:25:53","guid":{"rendered":"https:\/\/maricatotal.com.br\/site\/?p=47800"},"modified":"2023-01-18T00:27:41","modified_gmt":"2023-01-18T03:27:41","slug":"horta-comunitaria-do-parque-nanci-tem-a-primeira-colheita-de-2023","status":"publish","type":"post","link":"https:\/\/maricatotal.com.br\/site\/2023\/01\/16\/horta-comunitaria-do-parque-nanci-tem-a-primeira-colheita-de-2023\/","title":{"rendered":"Horta comunit\u00e1ria do Parque Nanci tem a primeira colheita de 2023"},"content":{"rendered":"\n<p>A Prefeitura de Maric\u00e1, por meio da Secretaria de Agricultura, Pecu\u00e1ria e Pesca, realizou nesta segunda-feira (16\/01), a primeira colheita de 2023 da horta comunit\u00e1ria do Parque Nanci. Os moradores participaram da a\u00e7\u00e3o e levaram para suas casas repolho, mostarda, berinjela, cebolinha, couve e salsinha retirados da terra na hora. Ap\u00f3s a colheita, os t\u00e9cnicos agr\u00edcolas ir\u00e3o realizar um rod\u00edzio de culturas para manter a qualidade do solo. O secret\u00e1rio de Agricultura, Pecu\u00e1ria e Pesca, Julio Carolino, participou da colheita e refor\u00e7ou a import\u00e2ncia do conceito de jardins comest\u00edveis.<\/p>\n\n\n\n<p>\u201cA horta \u00e9 um novo conceito de plantar em pequenas \u00e1reas. Temos o jardim comest\u00edvel, que suplanta o jardim ornamental, que enfeita nossos olhos e tem atra\u00eddo pessoas de todo o mundo a Maric\u00e1. Ele alimenta os olhos e o est\u00f4mago. Quem vem nas hortas pode observar que os jardins comest\u00edveis tem uma beleza que apresenta tamb\u00e9m no contraste de cores dos alimentos\u201d, disse.<\/p>\n\n\n\n<p>O secret\u00e1rio destacou ainda a participa\u00e7\u00e3o da popula\u00e7\u00e3o como um ambiente de aprendizado e troca de experi\u00eancias.<\/p>\n\n\n\n<p>\u201cAs colheitas mostram o interesse da popula\u00e7\u00e3o e mostra essa participa\u00e7\u00e3o. Ouvimos relatos dos moradores que acompanham do plantio at\u00e9 a colheita, mostrando que a horta \u00e9 de todos. Nosso objetivo \u00e9 a troca de experi\u00eancias e aprendizado\u201d, contou.<\/p>\n\n\n\n<p>Moradora de Itapeba, a aposentada Suely Silva , 74 anos, foi a primeira vez realizar a colheita e contou que usar\u00e1 a berinjela no jantar.<\/p>\n\n\n\n<p>\u201cEstou levando mostarda e berinjela para o meu neto conhecer tamb\u00e9m, j\u00e1 que ele n\u00e3o gosta muito de legumes e verduras, mas colhido na hora, tem um sabor diferente. J\u00e1 vou preparar o jantar dele hoje com o que colhi aqui\u201d, ressaltou.<\/p>\n\n\n\n<p>Moradora do Parque Nanci, a costureira Marlene de Almeida, 75 anos, descobriu um pouco mais sobre a verdura colhida.<\/p>\n\n\n\n<p>\u201cSempre participo da colheita e s\u00f3 descobri hoje, que o repolho nasce em folhas e s\u00f3 depois se fecha. Sempre comprei ele fechadinho, achei que sempre fosse assim, \u00e9 vivendo e aprendendo. Ter o contato direto com a horta \u00e9 algo muito bom\u201d, finalizou.<\/p>\n\n\n\n<p>Horta Parque Nanci<\/p>\n\n\n\n<p>A horta localizada no Parque a C\u00e9u Aberto (Parque Nanci) foi inaugurada no ano de 2020, instalada em um espa\u00e7o urbano, onde \u00e9 produzido alimentos saud\u00e1veis sem uso de agrot\u00f3xicos, que auxiliam na perspectiva de avan\u00e7ar na soberania alimentar e garantir a seguran\u00e7a alimentar da popula\u00e7\u00e3o.<\/p>\n","protected":false},"excerpt":{"rendered":"<p>A Prefeitura de Maric\u00e1, por meio da Secretaria de Agricultura, Pecu\u00e1ria e Pesca, realizou nesta segunda-feira (16\/01), a primeira colheita<\/p>\n","protected":false},"author":1,"featured_media":47802,"comment_status":"open","ping_status":"open","sticky":false,"template":"","format":"standard","meta":{"colormag_page_container_layout":"default_layout","colormag_page_sidebar_layout":"default_layout","footnotes":""},"categories":[1],"tags":[],"class_list":["post-47800","post","type-post","status-publish","format-standard","has-post-thumbnail","hentry","category-noticias"],"amp_enabled":true,"_links":{"self":[{"href":"https:\/\/maricatotal.com.br\/site\/wp-json\/wp\/v2\/posts\/47800","targetHints":{"allow":["GET"]}}],"collection":[{"href":"https:\/\/maricatotal.com.br\/site\/wp-json\/wp\/v2\/posts"}],"about":[{"href":"https:\/\/maricatotal.com.br\/site\/wp-json\/wp\/v2\/types\/post"}],"author":[{"embeddable":true,"href":"https:\/\/maricatotal.com.br\/site\/wp-json\/wp\/v2\/users\/1"}],"replies":[{"embeddable":true,"href":"https:\/\/maricatotal.com.br\/site\/wp-json\/wp\/v2\/comments?post=47800"}],"version-history":[{"count":1,"href":"https:\/\/maricatotal.com.br\/site\/wp-json\/wp\/v2\/posts\/47800\/revisions"}],"predecessor-version":[{"id":47803,"href":"https:\/\/maricatotal.com.br\/site\/wp-json\/wp\/v2\/posts\/47800\/revisions\/47803"}],"wp:featuredmedia":[{"embeddable":true,"href":"https:\/\/maricatotal.com.br\/site\/wp-json\/wp\/v2\/media\/47802"}],"wp:attachment":[{"href":"https:\/\/maricatotal.com.br\/site\/wp-json\/wp\/v2\/media?parent=47800"}],"wp:term":[{"taxonomy":"category","embeddable":true,"href":"https:\/\/maricatotal.com.br\/site\/wp-json\/wp\/v2\/categories?post=47800"},{"taxonomy":"post_tag","embeddable":true,"href":"https:\/\/maricatotal.com.br\/site\/wp-json\/wp\/v2\/tags?post=47800"}],"curies":[{"name":"wp","href":"https:\/\/api.w.org\/{rel}","templated":true}]}}