{"id":47920,"date":"2023-01-22T10:19:57","date_gmt":"2023-01-22T13:19:57","guid":{"rendered":"https:\/\/maricatotal.com.br\/site\/?p=47920"},"modified":"2023-01-31T20:14:21","modified_gmt":"2023-01-31T23:14:21","slug":"fitur-em-madrid-abre-as-portas-para-publico-em-geral-e-estande-de-marica-recebe-centenas-de-visitantes","status":"publish","type":"post","link":"https:\/\/maricatotal.com.br\/site\/2023\/01\/22\/fitur-em-madrid-abre-as-portas-para-publico-em-geral-e-estande-de-marica-recebe-centenas-de-visitantes\/","title":{"rendered":"Fitur em Madrid abre as portas para p\u00fablico em geral e estande de Maric\u00e1 recebe centenas de visitantes"},"content":{"rendered":"\n<p>O terceiro dia da exposi\u00e7\u00e3o \u201cMaric\u00e1, acolhedora por natureza\u201d no pavilh\u00e3o da Feira Internacional de Turismo (Fitur) 2023, em Madri, na Espanha, foi marcado pela presen\u00e7a de centenas de visitantes, que fizeram fila para conhecer a cidade de Maric\u00e1. O espa\u00e7o, de aproximadamente 60 metros quadrados, apresenta as principais belezas da cidade brasileira, al\u00e9m das suas principais pol\u00edticas p\u00fablicas.<\/p>\n\n\n\n<p>Turistas de todos os continentes, principalmente o Europeu, est\u00e3o presentes no local, que nos primeiros dias era apenas para investidores e rodadas de neg\u00f3cios. Alem\u00e3es, franceses e, claro, espanh\u00f3is lideram a prefer\u00eancia pelo para\u00edso tropical, que fica a poucos quil\u00f4metros da cidade do Rio de Janeiro.<\/p>\n\n\n\n<p>\u201cTem sido rica nossa troca com os turistas, que j\u00e1 foram ou ouviram falar do Rio de Janeiro e, agora, conhecem nosso amado destino, Maric\u00e1, para agendarem as pr\u00f3ximas f\u00e9rias, seja em fam\u00edlia, casal ou viajando sozinho. Recebemos todos os p\u00fablicos e tiramos suas d\u00favidas aqui no estande\u201d, afirma a diretora de Administra\u00e7\u00e3o e Finan\u00e7as da Codemar, Silvana Guimar\u00e3es.<\/p>\n\n\n\n<p>Sobre a Fitur, na Espanha<\/p>\n\n\n\n<p>A cidade de Maric\u00e1 estreou, na Fitur, a marca \u201cMaric\u00e1, acolhedora por natureza\u201d como identidade internacional. A feira acontece entre os dias 18 e 22 de janeiro, e a comitiva maricaense tem a miss\u00e3o de apresentar a cidade ao turismo mundial, atrair empreendimentos hoteleiros, al\u00e9m da elabora\u00e7\u00e3o de roteiros de turismo estrangeiro que passem a incluir a cidade, que j\u00e1 recebe cerca de 800 mil turistas nos meses de alta temporada (de novembro a mar\u00e7o).<\/p>\n\n\n\n<p>\u201cA marca \u2018Maric\u00e1 acolhedora por natureza\u2019 consegue expressar muito do que \u00e9 nossa cidade representa no cen\u00e1rio brasileiro. Um lugar que acolhe seu povo, cuida de sua gente e gera oportunidades. Maric\u00e1 acolhe o novo e tamb\u00e9m o tradicional, acolhe empreendimentos, a cultura, o social. E acolhe com belas paisagens naturais. \u00c9 um belo conceito para definir o que nossa Maric\u00e1 \u00e9\u201d, explicou Hamilton Lacerda, presidente da Codemar, empresa respons\u00e1vel pela participa\u00e7\u00e3o no evento.<\/p>\n\n\n\n<p>Maric\u00e1 fica em exposi\u00e7\u00e3o em Madri at\u00e9 o dia 22 de janeiro e a expectativa \u00e9 de que nos cinco dias de evento o estande receba mais de 100 mil visitantes, dos mais diversos pa\u00edses.<\/p>\n","protected":false},"excerpt":{"rendered":"<p>O terceiro dia da exposi\u00e7\u00e3o \u201cMaric\u00e1, acolhedora por natureza\u201d no pavilh\u00e3o da Feira Internacional de Turismo (Fitur) 2023, em Madri,<\/p>\n","protected":false},"author":1,"featured_media":47922,"comment_status":"open","ping_status":"open","sticky":false,"template":"","format":"standard","meta":{"colormag_page_container_layout":"default_layout","colormag_page_sidebar_layout":"default_layout","footnotes":""},"categories":[1],"tags":[],"class_list":["post-47920","post","type-post","status-publish","format-standard","has-post-thumbnail","hentry","category-noticias"],"amp_enabled":true,"_links":{"self":[{"href":"https:\/\/maricatotal.com.br\/site\/wp-json\/wp\/v2\/posts\/47920","targetHints":{"allow":["GET"]}}],"collection":[{"href":"https:\/\/maricatotal.com.br\/site\/wp-json\/wp\/v2\/posts"}],"about":[{"href":"https:\/\/maricatotal.com.br\/site\/wp-json\/wp\/v2\/types\/post"}],"author":[{"embeddable":true,"href":"https:\/\/maricatotal.com.br\/site\/wp-json\/wp\/v2\/users\/1"}],"replies":[{"embeddable":true,"href":"https:\/\/maricatotal.com.br\/site\/wp-json\/wp\/v2\/comments?post=47920"}],"version-history":[{"count":1,"href":"https:\/\/maricatotal.com.br\/site\/wp-json\/wp\/v2\/posts\/47920\/revisions"}],"predecessor-version":[{"id":47923,"href":"https:\/\/maricatotal.com.br\/site\/wp-json\/wp\/v2\/posts\/47920\/revisions\/47923"}],"wp:featuredmedia":[{"embeddable":true,"href":"https:\/\/maricatotal.com.br\/site\/wp-json\/wp\/v2\/media\/47922"}],"wp:attachment":[{"href":"https:\/\/maricatotal.com.br\/site\/wp-json\/wp\/v2\/media?parent=47920"}],"wp:term":[{"taxonomy":"category","embeddable":true,"href":"https:\/\/maricatotal.com.br\/site\/wp-json\/wp\/v2\/categories?post=47920"},{"taxonomy":"post_tag","embeddable":true,"href":"https:\/\/maricatotal.com.br\/site\/wp-json\/wp\/v2\/tags?post=47920"}],"curies":[{"name":"wp","href":"https:\/\/api.w.org\/{rel}","templated":true}]}}