{"id":48162,"date":"2023-01-31T09:16:43","date_gmt":"2023-01-31T12:16:43","guid":{"rendered":"https:\/\/maricatotal.com.br\/site\/?p=48162"},"modified":"2023-01-31T20:20:00","modified_gmt":"2023-01-31T23:20:00","slug":"profissionais-da-secretaria-de-politicas-inclusivas-recebem-treinamento-sobre-autismo","status":"publish","type":"post","link":"https:\/\/maricatotal.com.br\/site\/2023\/01\/31\/profissionais-da-secretaria-de-politicas-inclusivas-recebem-treinamento-sobre-autismo\/","title":{"rendered":"Profissionais da Secretaria de Pol\u00edticas Inclusivas recebem treinamento sobre autismo"},"content":{"rendered":"\n<p>A Prefeitura de Maric\u00e1 realizou nesta segunda-feira (30\/01) uma capacita\u00e7\u00e3o voltada para profissionais da Secretaria de Pol\u00edticas Inclusivas com tema sobre autismo no Audit\u00f3rio do Banco Mumbuca, no Parque Eldorado. Cerca de 25 profissionais participaram da a\u00e7\u00e3o que faz parte do aperfei\u00e7oamento continuado com foco no atendimento a pessoas com defici\u00eancia.<\/p>\n\n\n\n<p>O treinamento, com o tema \u2018\u2019Autismo: Um olhar imensur\u00e1vel para o espectro na perspectiva da observa\u00e7\u00e3o, sensibilidade e conhecimento\u2019\u2019, foi ministrado pela professora Juliana Muniz, mestre em diversidade e inclus\u00e3o pela Universidade Federal Fluminense (UFF) e p\u00f3s-graduada nas \u00e1reas de Neuropsicopedagogia e Educa\u00e7\u00e3o Inclusiva pela Censupeg.<\/p>\n\n\n\n<p>A gerente do Centro de Refer\u00eancia em Pol\u00edticas Inclusivas (CRPI), Cris Perlingeiro, afirmou que o objetivo da capacita\u00e7\u00e3o \u00e9 aprofundar o conhecimento dos servidores. \u201cAs fam\u00edlias acabam desconhecendo os caminhos a percorrer e \u00e9 a\u00ed que precisamos nos aprofundar nesse vasto conhecimento para oferecer acolhimento e suporte para os que precisam\u201d, declarou.<\/p>\n\n\n\n<p>A capacita\u00e7\u00e3o, que acontece at\u00e9 ter\u00e7a-feira (31\/01), contar\u00e1, ao todo, com 12 horas de aula em parceria com a Ong Contato. A professora Juliana Muniz dividiu o curso em dois blocos e abordou diversos assuntos sobre os principais desafios da atua\u00e7\u00e3o com pessoas autistas. \u201c\u00c9 necess\u00e1rio que o profissional tenha interesse, afetividade, conhecimento, uma boa rela\u00e7\u00e3o com a fam\u00edlia. O afeto facilita a media\u00e7\u00e3o, sendo este um dos principais caminhos na comunica\u00e7\u00e3o entre o aluno e o professor\/profissional\u201d, comentou Juliana.<\/p>\n\n\n\n<p>A mediadora ainda falou sobre a import\u00e2ncia de conscientizar a sociedade em rela\u00e7\u00e3o ao espectro autista. \u201c\u00c9 um caminho de buscas cont\u00ednuas pelo conhecimento sobre a media\u00e7\u00e3o na aprendizagem para pessoas no Transtorno do Espectro Autista (TEA), pois atrav\u00e9s da tr\u00edade observa\u00e7\u00e3o, sensibilidade e afeto podemos contribuir no ambiente das rela\u00e7\u00f5es cotidianas das pessoas com autismo\u201d<\/p>\n\n\n\n<p><strong>Sobre a Secretaria de Pol\u00edticas Inclusivas<\/strong><\/p>\n\n\n\n<p>A Secretaria de Pol\u00edticas Inclusivas tem o objetivo de viabilizar a oferta de oportunidades iguais de acesso a bens e servi\u00e7os a todas as pessoas e proporcionar inclus\u00e3o social, al\u00e9m de realizar uma s\u00e9rie de a\u00e7\u00f5es e projetos voltados para pessoas que, de alguma forma, sofrem algum tipo de exclus\u00e3o, como pessoas com defici\u00eancia, negros, ind\u00edgenas, mulheres, comunidade LGBTQIA+, egressos do sistema prisional e seus familiares, pessoas que necessitam de apoio psicol\u00f3gico e pessoas em vulnerabilidade social. A sede da Secretaria de Pol\u00edticas Inclusivas fica na Rua Ant\u00f4nio Vieira Sobrinho, n\u00ba 333, Parque Eldorado, Maric\u00e1\/RJ. Mais informa\u00e7\u00f5es pelo telefone <a href=\"tel:(21) 96736-8781\">(21) 96736-8781<\/a> ou pelo e-mail escrit\u00f3riosocial@marica.rj.gov.br.<\/p>\n","protected":false},"excerpt":{"rendered":"<p>A Prefeitura de Maric\u00e1 realizou nesta segunda-feira (30\/01) uma capacita\u00e7\u00e3o voltada para profissionais da Secretaria de Pol\u00edticas Inclusivas com tema<\/p>\n","protected":false},"author":1,"featured_media":48161,"comment_status":"open","ping_status":"open","sticky":false,"template":"","format":"standard","meta":{"colormag_page_container_layout":"default_layout","colormag_page_sidebar_layout":"default_layout","footnotes":""},"categories":[1],"tags":[],"class_list":["post-48162","post","type-post","status-publish","format-standard","has-post-thumbnail","hentry","category-noticias"],"amp_enabled":true,"_links":{"self":[{"href":"https:\/\/maricatotal.com.br\/site\/wp-json\/wp\/v2\/posts\/48162","targetHints":{"allow":["GET"]}}],"collection":[{"href":"https:\/\/maricatotal.com.br\/site\/wp-json\/wp\/v2\/posts"}],"about":[{"href":"https:\/\/maricatotal.com.br\/site\/wp-json\/wp\/v2\/types\/post"}],"author":[{"embeddable":true,"href":"https:\/\/maricatotal.com.br\/site\/wp-json\/wp\/v2\/users\/1"}],"replies":[{"embeddable":true,"href":"https:\/\/maricatotal.com.br\/site\/wp-json\/wp\/v2\/comments?post=48162"}],"version-history":[{"count":1,"href":"https:\/\/maricatotal.com.br\/site\/wp-json\/wp\/v2\/posts\/48162\/revisions"}],"predecessor-version":[{"id":48163,"href":"https:\/\/maricatotal.com.br\/site\/wp-json\/wp\/v2\/posts\/48162\/revisions\/48163"}],"wp:featuredmedia":[{"embeddable":true,"href":"https:\/\/maricatotal.com.br\/site\/wp-json\/wp\/v2\/media\/48161"}],"wp:attachment":[{"href":"https:\/\/maricatotal.com.br\/site\/wp-json\/wp\/v2\/media?parent=48162"}],"wp:term":[{"taxonomy":"category","embeddable":true,"href":"https:\/\/maricatotal.com.br\/site\/wp-json\/wp\/v2\/categories?post=48162"},{"taxonomy":"post_tag","embeddable":true,"href":"https:\/\/maricatotal.com.br\/site\/wp-json\/wp\/v2\/tags?post=48162"}],"curies":[{"name":"wp","href":"https:\/\/api.w.org\/{rel}","templated":true}]}}