{"id":48236,"date":"2023-02-03T14:57:56","date_gmt":"2023-02-03T17:57:56","guid":{"rendered":"https:\/\/maricatotal.com.br\/site\/?p=48236"},"modified":"2023-02-10T11:26:02","modified_gmt":"2023-02-10T14:26:02","slug":"urbanismo-faz-reuniao-preparatoria-para-audiencia-publica-do-plano-de-mobilidade-urbana","status":"publish","type":"post","link":"https:\/\/maricatotal.com.br\/site\/2023\/02\/03\/urbanismo-faz-reuniao-preparatoria-para-audiencia-publica-do-plano-de-mobilidade-urbana\/","title":{"rendered":"Urbanismo faz reuni\u00e3o preparat\u00f3ria para audi\u00eancia p\u00fablica do Plano de Mobilidade Urbana"},"content":{"rendered":"\n<p>A Prefeitura de Maric\u00e1, por meio da Secretaria de Urbanismo, realizou nesta quinta-feira (02\/02) reuni\u00e3o preparat\u00f3ria, em formato h\u00edbrido, para a 2\u00aa audi\u00eancia p\u00fablica do Plano de Mobilidade Urbana, com representantes do Conselho da Cidade de Maric\u00e1 (ConCidade) e do grupo Intersetorial, formado por diversos setores da administra\u00e7\u00e3o municipal. A reuni\u00e3o aconteceu no audit\u00f3rio do Banco Mumbuca e debateu diversos pontos que ser\u00e3o abordados na audi\u00eancia p\u00fablica, que acontece na pr\u00f3xima quinta-feira (09\/02), a partir das 18h, no&nbsp; mesmo local.&nbsp; As inscri\u00e7\u00f5es est\u00e3o dispon\u00edveis no portal do Plano de Mobilidade da Prefeitura :www.marica.rj.gov.br\/marica-mobilidade\/participar-mobilidade\/<\/p>\n\n\n\n<p>Um dos dados representativos e avaliados pelo grupo foi sobre o crescimento populacional de Maric\u00e1, a partir da avalia\u00e7\u00e3o do Instituto Brasileiro de Geografia Estat\u00edstica (IBGE), que ir\u00e1 impactar de modo direto no sistema vi\u00e1rio e mobilidade da cidade, al\u00e9m da an\u00e1lise do carregamento da rede vi\u00e1ria atual, como os pontos mais graves de grande circula\u00e7\u00e3o das vias em determinado hor\u00e1rio.<\/p>\n\n\n\n<p>\u201cEntendemos que precisamos de demandas que atendam de fato as necessidades da cidade. Vamos avaliar os contrapontos com uma matriz que demonstra an\u00e1lise e a a\u00e7\u00e3o, que ajuda a corroborar com indicativos para a apresenta\u00e7\u00e3o de propostas, a fim de entender quais interven\u00e7\u00f5es devem ser feitas para melhorar a circula\u00e7\u00e3o. Vamos pontuar o que foi falado hoje e aperfei\u00e7oar para apresenta\u00e7\u00e3o na audi\u00eancia p\u00fablica\u201d, comentou Celso Cabral, secret\u00e1rio de Urbanismo.<\/p>\n\n\n\n<p><strong>Audi\u00eancia p\u00fablica<\/strong><\/p>\n\n\n\n<p>Na pr\u00f3xima quinta-feira (09\/02), ser\u00e1 realizada a 2\u00ba audi\u00eancia p\u00fablica do Plano de Mobilidade e de Alinhamentos Vi\u00e1rios de Maric\u00e1, no audit\u00f3rio do Banco Mumbuca. A a\u00e7\u00e3o acerca das possibilidades e percep\u00e7\u00f5es tratadas no progn\u00f3stico ser\u00e1 elaborada no \u00e2mbito da etapa 4 do processo.&nbsp; A reuni\u00e3o tem como objetivo debater com os participantes os cen\u00e1rios que forne\u00e7am subs\u00eddios para melhor adequa\u00e7\u00e3o da realidade da cidade e suas possibilidades em rela\u00e7\u00e3o \u00e0s pol\u00edticas de tr\u00e2nsito, transporte, mobilidade, circula\u00e7\u00e3o vi\u00e1ria e tamb\u00e9m do desenvolvimento de alinhamentos vi\u00e1rios urbanos e territoriais.<\/p>\n\n\n\n<p><strong>Plano de Mobilidade<\/strong><\/p>\n\n\n\n<p>O Plano de Mobilidade \u00e9 um instrumento de planejamento e gest\u00e3o que tem o objetivo de melhorar as condi\u00e7\u00f5es de deslocamento intra e intermunicipal e do acesso amplo aos bens e servi\u00e7os, priorizando o transporte coletivo e o n\u00e3o motorizado. Ele prop\u00f5e um conjunto de diretrizes e propostas de a\u00e7\u00f5es que conduzam \u00e0 moderniza\u00e7\u00e3o das infraestruturas e sistemas de transportes, de modo integrado aos instrumentos legais, como o Plano Diretor.<\/p>\n\n\n\n<p>Ao todo, foram aplicados dez question\u00e1rios para 4.387 moradores de Maric\u00e1, entre os meses de abril e julho, com o objetivo de produzir informa\u00e7\u00f5es necess\u00e1rias para o diagn\u00f3stico do cen\u00e1rio atual da mobilidade urbana, al\u00e9m de simular cen\u00e1rios alternativos e subs\u00eddios para o planejamento da mobilidade a curto, m\u00e9dio e longo prazo.<\/p>\n","protected":false},"excerpt":{"rendered":"<p>A Prefeitura de Maric\u00e1, por meio da Secretaria de Urbanismo, realizou nesta quinta-feira (02\/02) reuni\u00e3o preparat\u00f3ria, em formato h\u00edbrido, para<\/p>\n","protected":false},"author":1,"featured_media":48235,"comment_status":"open","ping_status":"open","sticky":false,"template":"","format":"standard","meta":{"colormag_page_container_layout":"default_layout","colormag_page_sidebar_layout":"default_layout","footnotes":""},"categories":[1],"tags":[],"class_list":["post-48236","post","type-post","status-publish","format-standard","has-post-thumbnail","hentry","category-noticias"],"amp_enabled":true,"_links":{"self":[{"href":"https:\/\/maricatotal.com.br\/site\/wp-json\/wp\/v2\/posts\/48236","targetHints":{"allow":["GET"]}}],"collection":[{"href":"https:\/\/maricatotal.com.br\/site\/wp-json\/wp\/v2\/posts"}],"about":[{"href":"https:\/\/maricatotal.com.br\/site\/wp-json\/wp\/v2\/types\/post"}],"author":[{"embeddable":true,"href":"https:\/\/maricatotal.com.br\/site\/wp-json\/wp\/v2\/users\/1"}],"replies":[{"embeddable":true,"href":"https:\/\/maricatotal.com.br\/site\/wp-json\/wp\/v2\/comments?post=48236"}],"version-history":[{"count":1,"href":"https:\/\/maricatotal.com.br\/site\/wp-json\/wp\/v2\/posts\/48236\/revisions"}],"predecessor-version":[{"id":48237,"href":"https:\/\/maricatotal.com.br\/site\/wp-json\/wp\/v2\/posts\/48236\/revisions\/48237"}],"wp:featuredmedia":[{"embeddable":true,"href":"https:\/\/maricatotal.com.br\/site\/wp-json\/wp\/v2\/media\/48235"}],"wp:attachment":[{"href":"https:\/\/maricatotal.com.br\/site\/wp-json\/wp\/v2\/media?parent=48236"}],"wp:term":[{"taxonomy":"category","embeddable":true,"href":"https:\/\/maricatotal.com.br\/site\/wp-json\/wp\/v2\/categories?post=48236"},{"taxonomy":"post_tag","embeddable":true,"href":"https:\/\/maricatotal.com.br\/site\/wp-json\/wp\/v2\/tags?post=48236"}],"curies":[{"name":"wp","href":"https:\/\/api.w.org\/{rel}","templated":true}]}}