{"id":48241,"date":"2023-02-03T16:13:23","date_gmt":"2023-02-03T19:13:23","guid":{"rendered":"https:\/\/maricatotal.com.br\/site\/?p=48241"},"modified":"2023-02-10T11:27:50","modified_gmt":"2023-02-10T14:27:50","slug":"jovem-acusado-de-participar-da-morte-de-maria-eduarda-e-preso-em-niteroi","status":"publish","type":"post","link":"https:\/\/maricatotal.com.br\/site\/2023\/02\/03\/jovem-acusado-de-participar-da-morte-de-maria-eduarda-e-preso-em-niteroi\/","title":{"rendered":"JOVEM ACUSADO DE PARTICIPAR DA MORTE DE MARIA EDUARDA \u00c9 PRESO EM NITER\u00d3I"},"content":{"rendered":"\n<p>Na tarde desta Sexta-feira, 03\/02, Gustavo Diniz Fraz\u00e3o de 22 anos, foi preso por policiais da DH (Divis\u00e3o de Homic\u00eddios) no Centro de Niter\u00f3i <\/p>\n\n\n\n<p>Gustavo \u00e9 acusado de participar da morte da Maria Eduarda de 16 anos, jovem que estava desaparecida e foi encontrada sem vida no bairro Cajueiros em Itaipua\u00e7u, Maric\u00e1 <\/p>\n\n\n\n<p>Cenas de c\u00e2meras de seguran\u00e7a mostram Gustavo chegando em casa de moto com a Maria Eduarda na garupa. Na madrugada desta mesma noite, Gustavo \u00e9 visto saindo de carro sozinho, a pol\u00edcia acredita que as essa altura Maria Eduarda j\u00e1 estava sem vida dentro do ve\u00edculo<\/p>\n\n\n\n<p><\/p>\n","protected":false},"excerpt":{"rendered":"<p>Na tarde desta Sexta-feira, 03\/02, Gustavo Diniz Fraz\u00e3o de 22 anos, foi preso por policiais da DH (Divis\u00e3o de Homic\u00eddios)<\/p>\n","protected":false},"author":1,"featured_media":48243,"comment_status":"open","ping_status":"open","sticky":false,"template":"","format":"standard","meta":{"colormag_page_container_layout":"default_layout","colormag_page_sidebar_layout":"default_layout","footnotes":""},"categories":[1],"tags":[],"class_list":["post-48241","post","type-post","status-publish","format-standard","has-post-thumbnail","hentry","category-noticias"],"amp_enabled":true,"_links":{"self":[{"href":"https:\/\/maricatotal.com.br\/site\/wp-json\/wp\/v2\/posts\/48241","targetHints":{"allow":["GET"]}}],"collection":[{"href":"https:\/\/maricatotal.com.br\/site\/wp-json\/wp\/v2\/posts"}],"about":[{"href":"https:\/\/maricatotal.com.br\/site\/wp-json\/wp\/v2\/types\/post"}],"author":[{"embeddable":true,"href":"https:\/\/maricatotal.com.br\/site\/wp-json\/wp\/v2\/users\/1"}],"replies":[{"embeddable":true,"href":"https:\/\/maricatotal.com.br\/site\/wp-json\/wp\/v2\/comments?post=48241"}],"version-history":[{"count":1,"href":"https:\/\/maricatotal.com.br\/site\/wp-json\/wp\/v2\/posts\/48241\/revisions"}],"predecessor-version":[{"id":48244,"href":"https:\/\/maricatotal.com.br\/site\/wp-json\/wp\/v2\/posts\/48241\/revisions\/48244"}],"wp:featuredmedia":[{"embeddable":true,"href":"https:\/\/maricatotal.com.br\/site\/wp-json\/wp\/v2\/media\/48243"}],"wp:attachment":[{"href":"https:\/\/maricatotal.com.br\/site\/wp-json\/wp\/v2\/media?parent=48241"}],"wp:term":[{"taxonomy":"category","embeddable":true,"href":"https:\/\/maricatotal.com.br\/site\/wp-json\/wp\/v2\/categories?post=48241"},{"taxonomy":"post_tag","embeddable":true,"href":"https:\/\/maricatotal.com.br\/site\/wp-json\/wp\/v2\/tags?post=48241"}],"curies":[{"name":"wp","href":"https:\/\/api.w.org\/{rel}","templated":true}]}}