{"id":48389,"date":"2023-02-10T09:06:31","date_gmt":"2023-02-10T12:06:31","guid":{"rendered":"https:\/\/maricatotal.com.br\/site\/?p=48389"},"modified":"2023-02-10T11:45:57","modified_gmt":"2023-02-10T14:45:57","slug":"orla-de-aracatiba-recebe-evento-pedacinho-do-ceu-neste-fim-de-semana","status":"publish","type":"post","link":"https:\/\/maricatotal.com.br\/site\/2023\/02\/10\/orla-de-aracatiba-recebe-evento-pedacinho-do-ceu-neste-fim-de-semana\/","title":{"rendered":"Orla de Ara\u00e7atiba recebe evento Pedacinho do C\u00e9u neste fim de semana"},"content":{"rendered":"\n<p>O \u201cSamba das Antigas\u201d chega como tema da primeira edi\u00e7\u00e3o de 2023 do j\u00e1 tradicional Pedacinho do C\u00e9u, que acontece entre sexta (10\/02) e domingo (12\/02), a partir das 17h, em um palco flutuante na Orla de Ara\u00e7atiba. O festival, que re\u00fane boa m\u00fasica e a melhor vista do p\u00f4r do sol de Maric\u00e1, espera receber cerca de 10 mil pessoas nos tr\u00eas dias para apreciar m\u00fasica, gastronomia, feira de artesanato e curtir o espa\u00e7o kids com a fam\u00edlia. O evento \u00e9 realizado pela Companhia de Desenvolvimento de Maric\u00e1 (Codemar) e pelas secretarias de Promo\u00e7\u00e3o e Projetos Especiais e Turismo.<\/p>\n\n\n\n<p>O presidente da Codemar, Hamilton Lacerda, destacou o sucesso do evento, que neste ano contar\u00e1 com mais edi\u00e7\u00f5es. \u201cO Pedacinho do C\u00e9u j\u00e1 se consolidou como um grande motor de atra\u00e7\u00e3o para turistas na cidade, resultado do investimento que a Codemar faz neste promissor setor. \u00c9 um orgulho dirigir a empresa que criou um dos festivais mais celebrados da cidade. \u00c9 uma programa\u00e7\u00e3o que sempre recebe muitos elogios e, aliada ao ver\u00e3o e \u00e0s v\u00e9speras do Carnaval, promete fazer mais sucesso\u201d, comentou o presidente da Codemar, Hamilton Lacerda.<\/p>\n\n\n\n<p>Para o secret\u00e1rio de Promo\u00e7\u00e3o e Projetos Especiais, Jos\u00e9 Alexandre Almeida, abordar o tema \u201cSambas das Antigas\u201d para essa edi\u00e7\u00e3o especial \u00e9 uma novidade que atrai p\u00fablico. \u201cO projeto vai integrar um espa\u00e7o gourmet amplo e moderno, tudo em containers e com conforto. Ser\u00e3o 12 restaurantes e quatro cervejarias, o que vai agregar \u00e0s festividades do Carnaval, com bastante samba das antigas, recrea\u00e7\u00e3o infantil, artesanato e divers\u00e3o\u201d, destaca Almeida.<\/p>\n\n\n\n<p>O grupo de chorinho Projeto Pedacinho do C\u00e9u abre o festival nos tr\u00eas dias e o p\u00fablico vai conferir sete bandas e artistas solos se apresentando no palco flutuante na lagoa. O evento est\u00e1 integrado ao Circuito Sol &amp; Samba de 2023, com mais de 11 atra\u00e7\u00f5es at\u00e9 o dia 12\/02, e vai oferecer op\u00e7\u00f5es de gastronomia, artesanato e espa\u00e7o kids.<\/p>\n\n\n\n<p>\u201cO projeto refor\u00e7a o calend\u00e1rio de eventos de Maric\u00e1 e \u00e9 de extrema import\u00e2ncia para a nossa cidade j\u00e1 que movimenta o fluxo tur\u00edstico e promove o desenvolvimento econ\u00f4mico local. O p\u00f4r do sol de Ara\u00e7atiba \u00e9 considerado um dos mais lindos do pa\u00eds, aliado \u00e0 edi\u00e7\u00e3o especial, torna-se um \u00f3timo programa para desfrutar com amigos e fam\u00edlia\u201d, completou o secret\u00e1rio de Turismo Robson Dutra.<\/p>\n\n\n\n<p><strong>Novo local: Orla de Ara\u00e7atiba<\/strong><\/p>\n\n\n\n<p>Os shows continuam acontecendo na Orla de Ara\u00e7atiba, mas, dessa vez, pr\u00f3ximo da Pra\u00e7a Tiradentes, onde foi realizado o Natal Iluminado de Maric\u00e1, diferentemente das edi\u00e7\u00f5es anteriores que foram no Deck P\u00f4r do Sol. Essa mudan\u00e7a chegou para integrar novas atra\u00e7\u00f5es ao festival, al\u00e9m de ter mais espa\u00e7o para acomodar o p\u00fablico.<\/p>\n\n\n\n<p><strong>Corrente de solidariedade<\/strong><\/p>\n\n\n\n<p>O munic\u00edpio de Maric\u00e1 continua na corrente de solidariedade pelas v\u00edtimas do temporal que assolou a cidade e munic\u00edpios vizinhos no fim da tarde e noite de ter\u00e7a-feira (07\/02). O festival Pedacinho do C\u00e9u tamb\u00e9m ter\u00e1 um posto de arrecada\u00e7\u00e3o de donativos como itens de higiene pessoal e materiais de limpeza para as pessoas desabrigadas na cidade. As doa\u00e7\u00f5es poder\u00e3o ser entregues em stand, durante o evento, entre os dias 10 a 12\/02.<\/p>\n\n\n\n<p>Segundo a Prefeitura de Maric\u00e1, 51 pessoas ficaram desalojadas no Centro Educacional de Maric\u00e1 Joana Benedicta Rangel, no Centro, recebendo atendimento psicol\u00f3gico, de assist\u00eancia social e, caso necess\u00e1rio, de sa\u00fade.<\/p>\n\n\n\n<p><strong>Formas de chegar no Pedacinho do C\u00e9u<\/strong><\/p>\n\n\n\n<p>Aqueles que utilizarem ve\u00edculos pr\u00f3prios poder\u00e3o estacionar, das 18h \u00e0s 23h, no Aeroporto de Maric\u00e1, localizado na Rua Jovino Duarte de Oliveira, n\u00ba 362. As vagas mais pr\u00f3ximas ao local do evento ser\u00e3o destinadas especialmente a pessoas com defici\u00eancia (PcDs).<\/p>\n\n\n\n<p>J\u00e1 para quem preferir ir de transporte p\u00fablico, a linha E11 do Vermelhinho \u2013 Ara\u00e7atiba (via F\u00f3rum), passar\u00e1 na entrada do evento. A Empresa P\u00fablica de Transportes (EPT) vai ampliar o hor\u00e1rio e a frota da linha no per\u00edodo das 18h \u00e0s 0h15, disponibilizando \u00f4nibus a cada 25 minutos.<\/p>\n\n\n\n<p><strong>Altera\u00e7\u00f5es no tr\u00e2nsito<\/strong><\/p>\n\n\n\n<p>Para dar fluidez ao tr\u00e2nsito do entorno da Orla de Ara\u00e7atiba, a Secretaria de Tr\u00e2nsito e Engenharia Vi\u00e1ria (Sectran) vai realizar o fechamento da Rua \u00c1lvares de Castro, na altura da Rua Jovino Duarte de Oliveira, a partir das 17h. Orientadores estar\u00e3o nos pontos de bloqueio que ser\u00e3o montados para orientar motoristas e pedestres.<\/p>\n\n\n\n<p>Os motoristas que seguirem em dire\u00e7\u00e3o \u00e0 Barra de Maric\u00e1 devem obedecer a sinaliza\u00e7\u00e3o. O fluxo de ve\u00edculos ser\u00e1 direcionado para a Avenida Prefeito Odenir Francisco da Costa, onde est\u00e3o localizadas as est\u00e1tuas dos imortais.<\/p>\n\n\n\n<p><strong>Servi\u00e7o:<\/strong><\/p>\n\n\n\n<p>Pedacinho do C\u00e9u<br \/>Local: Orla de Ara\u00e7atiba<br \/>Dias: 10 a 12\/02, a partir de 17h<\/p>\n\n\n\n<p>10\/02 (sexta-feira):<br \/>17h \u2013 Projeto Pedacinho do C\u00e9u<br \/>19h \u2013 Amigos do quintal<br \/>21h \u2013 Filhas de Bamba<\/p>\n\n\n\n<p>11\/02 (s\u00e1bado):<br \/>17h \u2013 Projeto Pedacinho do C\u00e9u<br \/>19h \u2013 Marianna Cunha<br \/>21h \u2013 Rafael Ca\u00e7ula<\/p>\n\n\n\n<p>12\/02 (domingo):<br>17h \u2013 Projeto Pedacinho do C\u00e9u<br>19h \u2013 T\u00f4 Querendo<br>21h \u2013 J\u00f4 Borges<\/p>\n\n\n\n<figure class=\"wp-block-image size-large\"><img loading=\"lazy\" decoding=\"async\" width=\"300\" height=\"169\" src=\"https:\/\/maricatotal.com.br\/site\/wp-content\/uploads\/2023\/02\/img_1114-300x169.jpg\" class=\"wp-image-48387\" srcset=\"https:\/\/maricatotal.com.br\/site\/wp-content\/uploads\/2023\/02\/img_1114-300x169.jpg 300w, https:\/\/maricatotal.com.br\/site\/wp-content\/uploads\/2023\/02\/img_1114.jpg 768w\" sizes=\"auto, (max-width: 300px) 100vw, 300px\" \/><\/figure>\n","protected":false},"excerpt":{"rendered":"<p>O \u201cSamba das Antigas\u201d chega como tema da primeira edi\u00e7\u00e3o de 2023 do j\u00e1 tradicional Pedacinho do C\u00e9u, que acontece<\/p>\n","protected":false},"author":1,"featured_media":48388,"comment_status":"open","ping_status":"open","sticky":false,"template":"","format":"standard","meta":{"colormag_page_container_layout":"default_layout","colormag_page_sidebar_layout":"default_layout","footnotes":""},"categories":[1],"tags":[],"class_list":["post-48389","post","type-post","status-publish","format-standard","has-post-thumbnail","hentry","category-noticias"],"amp_enabled":true,"_links":{"self":[{"href":"https:\/\/maricatotal.com.br\/site\/wp-json\/wp\/v2\/posts\/48389","targetHints":{"allow":["GET"]}}],"collection":[{"href":"https:\/\/maricatotal.com.br\/site\/wp-json\/wp\/v2\/posts"}],"about":[{"href":"https:\/\/maricatotal.com.br\/site\/wp-json\/wp\/v2\/types\/post"}],"author":[{"embeddable":true,"href":"https:\/\/maricatotal.com.br\/site\/wp-json\/wp\/v2\/users\/1"}],"replies":[{"embeddable":true,"href":"https:\/\/maricatotal.com.br\/site\/wp-json\/wp\/v2\/comments?post=48389"}],"version-history":[{"count":1,"href":"https:\/\/maricatotal.com.br\/site\/wp-json\/wp\/v2\/posts\/48389\/revisions"}],"predecessor-version":[{"id":48390,"href":"https:\/\/maricatotal.com.br\/site\/wp-json\/wp\/v2\/posts\/48389\/revisions\/48390"}],"wp:featuredmedia":[{"embeddable":true,"href":"https:\/\/maricatotal.com.br\/site\/wp-json\/wp\/v2\/media\/48388"}],"wp:attachment":[{"href":"https:\/\/maricatotal.com.br\/site\/wp-json\/wp\/v2\/media?parent=48389"}],"wp:term":[{"taxonomy":"category","embeddable":true,"href":"https:\/\/maricatotal.com.br\/site\/wp-json\/wp\/v2\/categories?post=48389"},{"taxonomy":"post_tag","embeddable":true,"href":"https:\/\/maricatotal.com.br\/site\/wp-json\/wp\/v2\/tags?post=48389"}],"curies":[{"name":"wp","href":"https:\/\/api.w.org\/{rel}","templated":true}]}}