{"id":48520,"date":"2023-02-17T19:13:16","date_gmt":"2023-02-17T22:13:16","guid":{"rendered":"https:\/\/maricatotal.com.br\/site\/?p=48520"},"modified":"2023-02-17T19:13:16","modified_gmt":"2023-02-17T22:13:16","slug":"femar-assume-gestao-de-diversos-servicos-de-saude-de-marica","status":"publish","type":"post","link":"https:\/\/maricatotal.com.br\/site\/2023\/02\/17\/femar-assume-gestao-de-diversos-servicos-de-saude-de-marica\/","title":{"rendered":"Femar assume gest\u00e3o de diversos servi\u00e7os de sa\u00fade de Marica\u0301"},"content":{"rendered":"\n<p>A Prefeitura de Maric\u00e1, por meio da Funda\u00e7\u00e3o Estatal de Sa\u00fade de Maric\u00e1 (Femar), assumiu nesta quinta-feira (16\/02) a gest\u00e3o dos servi\u00e7os de sa\u00fade da cidade que fazem parte da Aten\u00e7\u00e3o Prim\u00e1ria, Especializada, Sa\u00fade Mental, al\u00e9m do complexo regulador. A mudan\u00e7a integra o processo de requalifica\u00e7\u00e3o de toda a rede de sa\u00fade do munic\u00edpio, que prev\u00ea, at\u00e9 2024, a cria\u00e7\u00e3o de novas Unidades de Sa\u00fade da Fam\u00edlia (USF), ambulat\u00f3rios, Centros de Aten\u00e7\u00e3o Psicossocial (CAPS) e resid\u00eancias terap\u00eauticas. Tamb\u00e9m est\u00e1 planejada a reestrutura\u00e7\u00e3o das USF j\u00e1 existentes, dos servi\u00e7os de sa\u00fade bucal, do Servi\u00e7o de Atendimento Especializado (SAE), al\u00e9m da amplia\u00e7\u00e3o das equipes multiprofissionais que atuam nesses locais, do servi\u00e7o de atendimento domiciliar e a cria\u00e7\u00e3o de novos equipamentos, otimizando a assist\u00eancia oferecida \u00e0 popula\u00e7\u00e3o.<\/p>\n\n\n\n<p>Al\u00e9m disso, a Femar ir\u00e1 implementar um novo modelo de Aten\u00e7\u00e3o Prim\u00e1ria em Maric\u00e1, com a transforma\u00e7\u00e3o das equipes de Sa\u00fade da Fam\u00edlia (eSF) em equipes de Sa\u00fade da Fam\u00edlia Ampliada (eSFA). A partir dessa iniciativa, ser\u00e3o criados Centros de Apoio \u00e0 Sa\u00fade da Fam\u00edlia (CASF) em cada distrito, voltados ao atendimento de casos espec\u00edficos e que necessitam de maior aten\u00e7\u00e3o, oferecendo assist\u00eancia com mais efici\u00eancia e resolutividade, evitando que os moradores necessitem de encaminhamento para a Rede de Urg\u00eancia e Emerg\u00eancia.<\/p>\n\n\n\n<p>O contrato de gest\u00e3o foi firmado com a Secretaria Municipal de Sa\u00fade e a assinatura aconteceu na quinta-feira (16), na sede da Prefeitura, no Centro. A partir disso, iniciou-se um processo de transi\u00e7\u00e3o nas \u00e1reas referentes \u00e0 Aten\u00e7\u00e3o Prim\u00e1ria, Especializada, Sa\u00fade Mental e ao complexo regulador, antes administradas por uma Organiza\u00e7\u00e3o Social de Sa\u00fade. A previs\u00e3o \u00e9 que o momento transit\u00f3rio e de adequa\u00e7\u00f5es seja conclu\u00eddo em julho deste ano, quando a Femar se tornar\u00e1 respons\u00e1vel pelo gerenciamento, operacionaliza\u00e7\u00e3o e execu\u00e7\u00e3o das a\u00e7\u00f5es e servi\u00e7os que comp\u00f5em esses setores da rede.<\/p>\n\n\n\n<p>Marcelo Rosa, diretor geral da Femar, afirmou que a efetiva\u00e7\u00e3o do contrato de gest\u00e3o representa uma nova etapa para a sa\u00fade de Maric\u00e1, elaborada coletivamente, com o objetivo de fortalecer os equipamentos e equipes da Aten\u00e7\u00e3o Prim\u00e1ria, al\u00e9m de oferecer servi\u00e7os de apoio totalmente estruturados.<\/p>\n\n\n\n<p>\u201cA assinatura do contrato de gest\u00e3o simboliza o resultado dos processos que foram necess\u00e1rios para a constru\u00e7\u00e3o da Femar. O documento \u00e9 fruto de um projeto pensado junto com a Secretaria de Sa\u00fade e o prefeito Fabiano Horta, buscando trazer um novo modelo de gest\u00e3o para a sa\u00fade da cidade, com diversas melhorias. Com isso, iniciamos a transi\u00e7\u00e3o dos servi\u00e7os prestados por uma Organiza\u00e7\u00e3o Social, que passar\u00e3o a ser geridos pela Femar\u201d, destacou.<\/p>\n\n\n\n<p><strong>Amplia\u00e7\u00e3o dos servi\u00e7os de sa\u00fade<\/strong><\/p>\n\n\n\n<p>A secret\u00e1ria de Sa\u00fade, Solange Oliveira, comemorou a assinatura do contrato de gest\u00e3o da Femar, possibilitando avan\u00e7ar na oferta de servi\u00e7os e expandir a rede de forma qualificada para atender a novas necessidades observadas, tendo em vista o aumento populacional da cidade nos \u00faltimos anos.<\/p>\n\n\n\n<p>\u201cO primeiro contrato de gest\u00e3o entre a Secretaria de Sa\u00fade e a Femar \u00e9 fundamental para dar respostas mais r\u00e1pidas na constru\u00e7\u00e3o, qualifica\u00e7\u00e3o e na amplia\u00e7\u00e3o dos servi\u00e7os oferecidos no munic\u00edpio. Isso integra um processo feito com muito planejamento e responsabilidade para reestruturar a rede, principalmente em meio a um momento de aumento da popula\u00e7\u00e3o de Maric\u00e1 e novas necessidades identificadas. O plano operativo prev\u00ea a expans\u00e3o e requalifica\u00e7\u00e3o da Aten\u00e7\u00e3o Prim\u00e1ria e da Aten\u00e7\u00e3o Especializada, com a reestrutura\u00e7\u00e3o de todas as unidades e a descentraliza\u00e7\u00e3o desses servi\u00e7os, evitando grandes deslocamentos e oferecendo todo o cuidado aos moradores\u201d, ressaltou.<\/p>\n\n\n\n<p><strong>Celeridade \u00e0s pol\u00edticas de sa\u00fade<\/strong><\/p>\n\n\n\n<p>A Funda\u00e7\u00e3o Estatal de Sa\u00fade de Maric\u00e1 (Femar) foi criada h\u00e1 um ano, em 16 de fevereiro de 2022, com o intuito de modernizar a gest\u00e3o e dar mais celeridade \u00e0s respostas para as demandas de sa\u00fade. A funda\u00e7\u00e3o \u00e9 dirigida por um colegiado composto por um conselho executivo de diretores e conta com as diretorias Geral; Financeira; Administrativa; de Gest\u00e3o do Trabalho e Desenvolvimento Institucional; de Ensino, Produ\u00e7\u00e3o do Conhecimento e Tecnologias e de Aten\u00e7\u00e3o \u00e0 Sa\u00fade.<\/p>\n\n\n\n<p>A Diretoria de Gest\u00e3o do Trabalho e Desenvolvimento Institucional foi desenhada para investir na capacita\u00e7\u00e3o dos servidores da Femar, de modo a estimular a sua forma\u00e7\u00e3o e aperfei\u00e7oamento. Durante o ano de 2022, quatro turmas participaram do curso introdut\u00f3rio sobre as bases do SUS, entre superintendentes, gerentes, coordenadores e assessores da funda\u00e7\u00e3o. Em mar\u00e7o, os assistentes da Femar ser\u00e3o capacitados.<\/p>\n\n\n\n<p>Em rela\u00e7\u00e3o \u00e0 Diretoria de Ensino, Produ\u00e7\u00e3o do Conhecimento e Tecnologias, s\u00e3o previstas grandes parcerias de inova\u00e7\u00e3o, passando pela \u00e1rea da tecnologia da informa\u00e7\u00e3o, projetos de pesquisa, est\u00e1gios e programas de resid\u00eancia m\u00e9dica e multiprofissional, al\u00e9m da produ\u00e7\u00e3o de novas tecnologias, a exemplo do respirador n\u00e3o invasivo desenvolvido no Hospital Municipal Ernesto Che Guevara em parceria com o Instituto de Ci\u00eancia, Tecnologia e Inova\u00e7\u00e3o (ICTIM).<\/p>\n\n\n\n<p>A Diretoria de Aten\u00e7\u00e3o \u00e0 Sa\u00fade \u00e9 apta a absorver os servi\u00e7os da Rede de Aten\u00e7\u00e3o \u00e0 Sa\u00fade de Maric\u00e1, exceto os com poder fiscalizador e de pol\u00edcia, como \u00e9 o caso da Vigil\u00e2ncia Sanit\u00e1ria. Com a assinatura do contrato de gest\u00e3o, essa diretoria assume a responsabilidade pela Aten\u00e7\u00e3o Prim\u00e1ria \u00e0 Sa\u00fade e Aten\u00e7\u00e3o Especializada.<\/p>\n","protected":false},"excerpt":{"rendered":"<p>A Prefeitura de Maric\u00e1, por meio da Funda\u00e7\u00e3o Estatal de Sa\u00fade de Maric\u00e1 (Femar), assumiu nesta quinta-feira (16\/02) a gest\u00e3o<\/p>\n","protected":false},"author":1,"featured_media":48519,"comment_status":"open","ping_status":"open","sticky":false,"template":"","format":"standard","meta":{"colormag_page_container_layout":"default_layout","colormag_page_sidebar_layout":"default_layout","footnotes":""},"categories":[1],"tags":[],"class_list":["post-48520","post","type-post","status-publish","format-standard","has-post-thumbnail","hentry","category-noticias"],"amp_enabled":true,"_links":{"self":[{"href":"https:\/\/maricatotal.com.br\/site\/wp-json\/wp\/v2\/posts\/48520","targetHints":{"allow":["GET"]}}],"collection":[{"href":"https:\/\/maricatotal.com.br\/site\/wp-json\/wp\/v2\/posts"}],"about":[{"href":"https:\/\/maricatotal.com.br\/site\/wp-json\/wp\/v2\/types\/post"}],"author":[{"embeddable":true,"href":"https:\/\/maricatotal.com.br\/site\/wp-json\/wp\/v2\/users\/1"}],"replies":[{"embeddable":true,"href":"https:\/\/maricatotal.com.br\/site\/wp-json\/wp\/v2\/comments?post=48520"}],"version-history":[{"count":1,"href":"https:\/\/maricatotal.com.br\/site\/wp-json\/wp\/v2\/posts\/48520\/revisions"}],"predecessor-version":[{"id":48521,"href":"https:\/\/maricatotal.com.br\/site\/wp-json\/wp\/v2\/posts\/48520\/revisions\/48521"}],"wp:featuredmedia":[{"embeddable":true,"href":"https:\/\/maricatotal.com.br\/site\/wp-json\/wp\/v2\/media\/48519"}],"wp:attachment":[{"href":"https:\/\/maricatotal.com.br\/site\/wp-json\/wp\/v2\/media?parent=48520"}],"wp:term":[{"taxonomy":"category","embeddable":true,"href":"https:\/\/maricatotal.com.br\/site\/wp-json\/wp\/v2\/categories?post=48520"},{"taxonomy":"post_tag","embeddable":true,"href":"https:\/\/maricatotal.com.br\/site\/wp-json\/wp\/v2\/tags?post=48520"}],"curies":[{"name":"wp","href":"https:\/\/api.w.org\/{rel}","templated":true}]}}