{"id":48567,"date":"2023-02-21T21:26:38","date_gmt":"2023-02-22T00:26:38","guid":{"rendered":"https:\/\/maricatotal.com.br\/site\/?p=48567"},"modified":"2023-02-21T21:26:38","modified_gmt":"2023-02-22T00:26:38","slug":"maricarnaval-2023-show-do-monobloco-arrasta-multidao-em-ponta-negra","status":"publish","type":"post","link":"https:\/\/maricatotal.com.br\/site\/2023\/02\/21\/maricarnaval-2023-show-do-monobloco-arrasta-multidao-em-ponta-negra\/","title":{"rendered":"MariCarnaval 2023: Show do Monobloco arrasta multid\u00e3o em Ponta Negra"},"content":{"rendered":"\n<p>O quarto dia do MariCarnaval 2023, na segunda-feira (20\/02), teve muita alegria e divers\u00e3o em diversos pontos da cidade com apresenta\u00e7\u00f5es de shows e passagens de blocos carnavalescos. Em Ponta Negra, uma multid\u00e3o se reuniu para o show do Monobloco. Ap\u00f3s abertura com o sambista Baby do Cavaco, a banda subiu ao palco com um repert\u00f3rio que ia do samba ao pop nacional. A batucada dos ritmistas do grupo levantou a plateia, que pulava e cantava sem parar. O grupo, criado no ano 2000 pelos integrantes da banda carioca Pedro Lu\u00eds &amp; A Parede, come\u00e7ou como uma oficina de percuss\u00e3o, e s\u00f3 mais tarde virou tamb\u00e9m um bloco de Carnaval.<\/p>\n\n\n\n<p>A programa\u00e7\u00e3o foi intensa e democr\u00e1tica em Ponta Negra. Um dos blocos mais animados foi o \u201cSe N\u00e3o Lembro N\u00e3o Fiz\u201d, que circulou da praia em dire\u00e7\u00e3o \u00e0 margem do canal. No lado oposto, o baile infantil animou os pequenos com diversos personagens vivos. Ainda na segunda (20\/02), a principal avenida do Centro da cidade recebeu o tradicional Bloco da Gabriela, que comemorou seus 48 anos de cria\u00e7\u00e3o junto com os foli\u00f5es na passagem pela Rua Dom\u00edcio da Gama. Os trios el\u00e9tricos come\u00e7aram a conduzir o grupo por volta das 17h30, com show da cantora Fl\u00e1via Bittencourt e sua banda.<\/p>\n\n\n\n<p>Morador de Ino\u00e3, Douglas Ferreira Crivella disse que o bloco fez muita falta em sua aus\u00eancia, for\u00e7ada pela pandemia da Covid-19. \u201cAgora a gente curte sem medo, e o bom do Gabriela \u00e9 que n\u00e3o tem discrimina\u00e7\u00e3o de nada, s\u00f3 curti\u00e7\u00e3o, e eu venho desde crian\u00e7a. Ali\u00e1s, o todo o Carnaval de Maric\u00e1 est\u00e1 de parab\u00e9ns, bom demais!\u201d, exaltou o foli\u00e3o de 30 anos.<\/p>\n\n\n\n<p>Muitas crian\u00e7as participaram do desfile do bloco. Uma delas era o pequeno Luiz Heitor, de apenas 1 ano e oito meses, que estava nos ombros da m\u00e3e, a t\u00e9cnica de enfermagem Edilaine Fernandes, de 27 anos. \u201c\u00c9 bom pra ele entrar no clima j\u00e1, e aqui n\u00e3o tem confus\u00e3o e \u00e9 super divertido. O carnaval daqui est\u00e1 muito bom\u201d, constatou a moradora de Santa Paula.<\/p>\n\n\n\n<p>A folia foi acompanhada de perto pelo secret\u00e1rio de Turismo de Maric\u00e1, Robson Dutra. Segundo ele, o sucesso deste se deve a ado\u00e7\u00e3o dos novos circuitos para passagem dos blocos. \u201cImplantamos esses novos circuitos em Itaipua\u00e7u, no Centro e Ponta Negra, e ocupamos tamb\u00e9m outros espa\u00e7os com os bailes infantis. Al\u00e9m da organiza\u00e7\u00e3o do espa\u00e7o para quem veio brincar, n\u00f3s avaliamos que o impacto no tr\u00e2nsito e na mobilidade da cidade foi bem menor que nos outros anos. Era uma ideia que t\u00ednhamos h\u00e1 bastante tempo e conseguimos implementar com sucesso. S\u00f3 estamos ouvindo elogios de moradores e turistas\u201d, garantiu ele.<\/p>\n\n\n\n<p>Neste ano, a festa conta, ao todo, com 99 shows espalhados em 20 pontos da cidade, como Centro, Ara\u00e7atiba, Ino\u00e3, Jacaro\u00e1, Ponta Negra, Itaipua\u00e7u, Jacon\u00e9, Santa Paula, S\u00e3o Jos\u00e9 do Imbassa\u00ed, Parque Nanci, Bambu\u00ed, Cordeirinho, Divin\u00e9ia, entre outros.<\/p>\n","protected":false},"excerpt":{"rendered":"<p>O quarto dia do MariCarnaval 2023, na segunda-feira (20\/02), teve muita alegria e divers\u00e3o em diversos pontos da cidade com<\/p>\n","protected":false},"author":1,"featured_media":48566,"comment_status":"open","ping_status":"open","sticky":false,"template":"","format":"standard","meta":{"colormag_page_container_layout":"default_layout","colormag_page_sidebar_layout":"default_layout","footnotes":""},"categories":[1],"tags":[],"class_list":["post-48567","post","type-post","status-publish","format-standard","has-post-thumbnail","hentry","category-noticias"],"amp_enabled":true,"_links":{"self":[{"href":"https:\/\/maricatotal.com.br\/site\/wp-json\/wp\/v2\/posts\/48567","targetHints":{"allow":["GET"]}}],"collection":[{"href":"https:\/\/maricatotal.com.br\/site\/wp-json\/wp\/v2\/posts"}],"about":[{"href":"https:\/\/maricatotal.com.br\/site\/wp-json\/wp\/v2\/types\/post"}],"author":[{"embeddable":true,"href":"https:\/\/maricatotal.com.br\/site\/wp-json\/wp\/v2\/users\/1"}],"replies":[{"embeddable":true,"href":"https:\/\/maricatotal.com.br\/site\/wp-json\/wp\/v2\/comments?post=48567"}],"version-history":[{"count":1,"href":"https:\/\/maricatotal.com.br\/site\/wp-json\/wp\/v2\/posts\/48567\/revisions"}],"predecessor-version":[{"id":48568,"href":"https:\/\/maricatotal.com.br\/site\/wp-json\/wp\/v2\/posts\/48567\/revisions\/48568"}],"wp:featuredmedia":[{"embeddable":true,"href":"https:\/\/maricatotal.com.br\/site\/wp-json\/wp\/v2\/media\/48566"}],"wp:attachment":[{"href":"https:\/\/maricatotal.com.br\/site\/wp-json\/wp\/v2\/media?parent=48567"}],"wp:term":[{"taxonomy":"category","embeddable":true,"href":"https:\/\/maricatotal.com.br\/site\/wp-json\/wp\/v2\/categories?post=48567"},{"taxonomy":"post_tag","embeddable":true,"href":"https:\/\/maricatotal.com.br\/site\/wp-json\/wp\/v2\/tags?post=48567"}],"curies":[{"name":"wp","href":"https:\/\/api.w.org\/{rel}","templated":true}]}}