{"id":48689,"date":"2023-02-28T22:31:10","date_gmt":"2023-03-01T01:31:10","guid":{"rendered":"https:\/\/maricatotal.com.br\/site\/?p=48689"},"modified":"2023-02-28T22:34:21","modified_gmt":"2023-03-01T01:34:21","slug":"marica-musical-de-verao-leva-shows-gratuitos-a-orla-de-aracatiba-2","status":"publish","type":"post","link":"https:\/\/maricatotal.com.br\/site\/2023\/02\/28\/marica-musical-de-verao-leva-shows-gratuitos-a-orla-de-aracatiba-2\/","title":{"rendered":"\u201cMaric\u00e1 Musical de Ver\u00e3o\u201d leva shows gratuitos \u00e0 orla de Ara\u00e7atiba"},"content":{"rendered":"\n<p>A Prefeitura de Maric\u00e1, por meio da Secretaria de Cultura, promove de sexta-feira a domingo (dias 3, 4 e 5 de mar\u00e7o) o \u201cMaric\u00e1 Musical de Ver\u00e3o\u201d na orla de Ara\u00e7atiba, com apresenta\u00e7\u00e3o de nove shows gratuitos, entre eles a Orquestra Voadora, Cacau Souza e Pagodamas. O evento faz parte do Circuito Sol &amp; Samba e acontecer\u00e1 a partir das 19h com muito samba e pagode.<\/p>\n\n\n\n<p>Realizado desde 2021, a iniciativa busca valorizar e fortalecer os artistas locais e aumentar o acesso a eventos de m\u00fasica com diferentes estilos \u00e0 popula\u00e7\u00e3o com programa\u00e7\u00e3o gratuita. O festival, que tamb\u00e9m conta com shows de rock, jazz, blues, MPB e DJ\u2019s, come\u00e7ou na Lona Cultural de Itaipua\u00e7u e marcou a retomada das atividades ap\u00f3s a pandemia.<\/p>\n\n\n\n<p><strong>Confira a programa\u00e7\u00e3o:<\/strong><\/p>\n\n\n\n<p><strong>03\/03 \u2013 Sexta-Feira:<\/strong><br \/>Samba da Mulher \u2013 19h<br \/>Samba do Guerreiro \u2013 20h<br \/>Cacau Souza \u2013 21h<\/p>\n\n\n\n<p><strong>04\/03 \u2013 S\u00e1bado:<\/strong><br \/>Divas do samba \u2013 19h<br \/>Lucas Felix \u2013 20h<br \/>Orquestra Voadora \u2013 21h<\/p>\n\n\n\n<p><strong>05\/03 \u2013 Domingo:<\/strong><br \/>Boguinha do Cavaco \u2013 19h<br \/>Grupo Encontro \u2013 20h<br \/>Pagodamas \u2013 21h<\/p>\n\n\n\n<p><strong>Servi\u00e7o:<\/strong><br>Maric\u00e1 Musical de Ver\u00e3o<br>Dias: 03, 04 e 05 de mar\u00e7o<br>Hor\u00e1rio: a partir das 19h<br>Local: Orla de Ara\u00e7atiba<\/p>\n","protected":false},"excerpt":{"rendered":"<p>A Prefeitura de Maric\u00e1, por meio da Secretaria de Cultura, promove de sexta-feira a domingo (dias 3, 4 e 5<\/p>\n","protected":false},"author":1,"featured_media":48686,"comment_status":"open","ping_status":"open","sticky":false,"template":"","format":"standard","meta":{"colormag_page_container_layout":"default_layout","colormag_page_sidebar_layout":"default_layout","footnotes":""},"categories":[1],"tags":[],"class_list":["post-48689","post","type-post","status-publish","format-standard","has-post-thumbnail","hentry","category-noticias"],"amp_enabled":true,"_links":{"self":[{"href":"https:\/\/maricatotal.com.br\/site\/wp-json\/wp\/v2\/posts\/48689","targetHints":{"allow":["GET"]}}],"collection":[{"href":"https:\/\/maricatotal.com.br\/site\/wp-json\/wp\/v2\/posts"}],"about":[{"href":"https:\/\/maricatotal.com.br\/site\/wp-json\/wp\/v2\/types\/post"}],"author":[{"embeddable":true,"href":"https:\/\/maricatotal.com.br\/site\/wp-json\/wp\/v2\/users\/1"}],"replies":[{"embeddable":true,"href":"https:\/\/maricatotal.com.br\/site\/wp-json\/wp\/v2\/comments?post=48689"}],"version-history":[{"count":1,"href":"https:\/\/maricatotal.com.br\/site\/wp-json\/wp\/v2\/posts\/48689\/revisions"}],"predecessor-version":[{"id":48690,"href":"https:\/\/maricatotal.com.br\/site\/wp-json\/wp\/v2\/posts\/48689\/revisions\/48690"}],"wp:featuredmedia":[{"embeddable":true,"href":"https:\/\/maricatotal.com.br\/site\/wp-json\/wp\/v2\/media\/48686"}],"wp:attachment":[{"href":"https:\/\/maricatotal.com.br\/site\/wp-json\/wp\/v2\/media?parent=48689"}],"wp:term":[{"taxonomy":"category","embeddable":true,"href":"https:\/\/maricatotal.com.br\/site\/wp-json\/wp\/v2\/categories?post=48689"},{"taxonomy":"post_tag","embeddable":true,"href":"https:\/\/maricatotal.com.br\/site\/wp-json\/wp\/v2\/tags?post=48689"}],"curies":[{"name":"wp","href":"https:\/\/api.w.org\/{rel}","templated":true}]}}