{"id":4873,"date":"2019-11-27T19:25:11","date_gmt":"2019-11-27T22:25:11","guid":{"rendered":"http:\/\/maricatotal.com.br\/site\/?p=4873"},"modified":"2019-11-27T19:25:13","modified_gmt":"2019-11-27T22:25:13","slug":"circuito-ecologico-de-marica-refaz-caminho-de-darwin-em-itaipuacu","status":"publish","type":"post","link":"https:\/\/maricatotal.com.br\/site\/2019\/11\/27\/circuito-ecologico-de-marica-refaz-caminho-de-darwin-em-itaipuacu\/","title":{"rendered":"CIRCUITO ECOL\u00d3GICO DE MARIC\u00c1 REFAZ CAMINHO DE DARWIN EM ITAIPUA\u00c7U"},"content":{"rendered":"\n<figure class=\"wp-block-image size-large\"><img loading=\"lazy\" decoding=\"async\" width=\"960\" height=\"540\" src=\"http:\/\/maricatotal.com.br\/site\/wp-content\/uploads\/2019\/11\/3.jpg\" alt=\"\" class=\"wp-image-4874\" srcset=\"https:\/\/maricatotal.com.br\/site\/wp-content\/uploads\/2019\/11\/3.jpg 960w, https:\/\/maricatotal.com.br\/site\/wp-content\/uploads\/2019\/11\/3-300x169.jpg 300w, https:\/\/maricatotal.com.br\/site\/wp-content\/uploads\/2019\/11\/3-768x432.jpg 768w\" sizes=\"auto, (max-width: 960px) 100vw, 960px\" \/><\/figure>\n\n\n\n<p>O Circuito Ecol\u00f3gico Caminhos de Maric\u00e1 estar\u00e1 em Itaipua\u00e7u no pr\u00f3ximo domingo, 01\/12.&nbsp;A caminhada vai refazer o caminho de Charles Darwin.&nbsp;O naturalista ingl\u00eas, autor da revolucion\u00e1ria Teoria Sobre a Evolu\u00e7\u00e3o das Esp\u00e9cies, teve seu primeiro contato com a biodiversidade da Mata Atl\u00e2ntica em 1832, quando percorreu 2,2 quil\u00f4metros dentro do que hoje \u00e9 o Parque Estadual da Serra da Tiririca.&nbsp;<\/p>\n\n\n\n<p>Darwin ficou hospedado nesta \u00e9poca na Fazenda Itaocaia, local preservado de onde partir\u00e1 a caminhada. A caminhada leve \u00e9 voltada para todas as idades. O grupo sair\u00e1 \u00e0s 9h do ponto de encontro, na Avenida Itaocaia Valey, em frente \u00e0 Fazendo Itaocaia, em Itaipua\u00e7u.&nbsp;<\/p>\n\n\n\n<p>O trecho tem cerca de 2 horas, ida e volta, com um pequeno trecho de subida leve. \u00c9 aconselh\u00e1vel aos participantes vestirem roupas leves, bon\u00e9 e um cal\u00e7ado apropriado. E o que levar? \u00c1gua, lanche, repelente e protetor solar.\u00a0 As inscri\u00e7\u00f5es podem ser feitas na Unidade de Conserva\u00e7\u00e3o do Espraiado, que fica na Rua Thomas Cola\u00e7o, s\/n\u00ba, no Espraiado. Mais informa\u00e7\u00f5es: 2648-6752\/99675-5632.<\/p>\n","protected":false},"excerpt":{"rendered":"<p>O Circuito Ecol\u00f3gico Caminhos de Maric\u00e1 estar\u00e1 em Itaipua\u00e7u no pr\u00f3ximo domingo, 01\/12.&nbsp;A caminhada vai refazer o caminho de Charles<\/p>\n","protected":false},"author":1,"featured_media":0,"comment_status":"open","ping_status":"open","sticky":false,"template":"","format":"standard","meta":{"colormag_page_container_layout":"default_layout","colormag_page_sidebar_layout":"default_layout","footnotes":""},"categories":[14,18,15],"tags":[],"class_list":["post-4873","post","type-post","status-publish","format-standard","hentry","category-bairros","category-entretenimento","category-esporte"],"amp_enabled":true,"_links":{"self":[{"href":"https:\/\/maricatotal.com.br\/site\/wp-json\/wp\/v2\/posts\/4873","targetHints":{"allow":["GET"]}}],"collection":[{"href":"https:\/\/maricatotal.com.br\/site\/wp-json\/wp\/v2\/posts"}],"about":[{"href":"https:\/\/maricatotal.com.br\/site\/wp-json\/wp\/v2\/types\/post"}],"author":[{"embeddable":true,"href":"https:\/\/maricatotal.com.br\/site\/wp-json\/wp\/v2\/users\/1"}],"replies":[{"embeddable":true,"href":"https:\/\/maricatotal.com.br\/site\/wp-json\/wp\/v2\/comments?post=4873"}],"version-history":[{"count":0,"href":"https:\/\/maricatotal.com.br\/site\/wp-json\/wp\/v2\/posts\/4873\/revisions"}],"wp:attachment":[{"href":"https:\/\/maricatotal.com.br\/site\/wp-json\/wp\/v2\/media?parent=4873"}],"wp:term":[{"taxonomy":"category","embeddable":true,"href":"https:\/\/maricatotal.com.br\/site\/wp-json\/wp\/v2\/categories?post=4873"},{"taxonomy":"post_tag","embeddable":true,"href":"https:\/\/maricatotal.com.br\/site\/wp-json\/wp\/v2\/tags?post=4873"}],"curies":[{"name":"wp","href":"https:\/\/api.w.org\/{rel}","templated":true}]}}