{"id":48757,"date":"2023-03-04T21:41:00","date_gmt":"2023-03-05T00:41:00","guid":{"rendered":"https:\/\/maricatotal.com.br\/site\/?p=48757"},"modified":"2023-04-01T02:51:52","modified_gmt":"2023-04-01T05:51:52","slug":"rua-alvares-de-castro-sera-interditada-para-obras-da-sanemar","status":"publish","type":"post","link":"https:\/\/maricatotal.com.br\/site\/2023\/03\/04\/rua-alvares-de-castro-sera-interditada-para-obras-da-sanemar\/","title":{"rendered":"Rua \u00c1lvares de Castro ser\u00e1 interditada para obras da Sanemar"},"content":{"rendered":"\n<p>A Prefeitura de Maric\u00e1, por meio da Secretaria de Tr\u00e2nsito e Engenharia Vi\u00e1ria, informa que a Rua \u00c1lvares de Castro, no Centro, no trecho entre a Rua Jovino Duarte de Oliveira (acesso ao aeroporto municipal) e a rotat\u00f3ria do Canal da Cidade (pr\u00f3ximo ao pr\u00e9dio administrativo da prefeitura), ficar\u00e1 interditado para obras da Companhia de Saneamento de Maric\u00e1 (Sanemar).<\/p>\n\n\n\n<p>De segunda a sexta-feira, a via ser\u00e1 liberada ao tr\u00e2nsito, mas o estacionamento n\u00e3o ser\u00e1 permitido. Aos s\u00e1bados e domingos o fluxo na rua ser\u00e1 totalmente interditado para obras da Sanemar neste trecho. Orientadores e agentes de tr\u00e2nsito estar\u00e3o nos acessos para orientar motoristas e pedestres.<\/p>\n","protected":false},"excerpt":{"rendered":"<p>A Prefeitura de Maric\u00e1, por meio da Secretaria de Tr\u00e2nsito e Engenharia Vi\u00e1ria, informa que a Rua \u00c1lvares de Castro,<\/p>\n","protected":false},"author":1,"featured_media":48756,"comment_status":"open","ping_status":"open","sticky":false,"template":"","format":"standard","meta":{"colormag_page_container_layout":"default_layout","colormag_page_sidebar_layout":"default_layout","footnotes":""},"categories":[1],"tags":[],"class_list":["post-48757","post","type-post","status-publish","format-standard","has-post-thumbnail","hentry","category-noticias"],"amp_enabled":true,"_links":{"self":[{"href":"https:\/\/maricatotal.com.br\/site\/wp-json\/wp\/v2\/posts\/48757","targetHints":{"allow":["GET"]}}],"collection":[{"href":"https:\/\/maricatotal.com.br\/site\/wp-json\/wp\/v2\/posts"}],"about":[{"href":"https:\/\/maricatotal.com.br\/site\/wp-json\/wp\/v2\/types\/post"}],"author":[{"embeddable":true,"href":"https:\/\/maricatotal.com.br\/site\/wp-json\/wp\/v2\/users\/1"}],"replies":[{"embeddable":true,"href":"https:\/\/maricatotal.com.br\/site\/wp-json\/wp\/v2\/comments?post=48757"}],"version-history":[{"count":1,"href":"https:\/\/maricatotal.com.br\/site\/wp-json\/wp\/v2\/posts\/48757\/revisions"}],"predecessor-version":[{"id":48758,"href":"https:\/\/maricatotal.com.br\/site\/wp-json\/wp\/v2\/posts\/48757\/revisions\/48758"}],"wp:featuredmedia":[{"embeddable":true,"href":"https:\/\/maricatotal.com.br\/site\/wp-json\/wp\/v2\/media\/48756"}],"wp:attachment":[{"href":"https:\/\/maricatotal.com.br\/site\/wp-json\/wp\/v2\/media?parent=48757"}],"wp:term":[{"taxonomy":"category","embeddable":true,"href":"https:\/\/maricatotal.com.br\/site\/wp-json\/wp\/v2\/categories?post=48757"},{"taxonomy":"post_tag","embeddable":true,"href":"https:\/\/maricatotal.com.br\/site\/wp-json\/wp\/v2\/tags?post=48757"}],"curies":[{"name":"wp","href":"https:\/\/api.w.org\/{rel}","templated":true}]}}