{"id":4880,"date":"2019-11-28T14:22:10","date_gmt":"2019-11-28T17:22:10","guid":{"rendered":"http:\/\/maricatotal.com.br\/site\/?p=4880"},"modified":"2019-11-28T14:22:13","modified_gmt":"2019-11-28T17:22:13","slug":"prefeitura-lanca-pacto-pela-inovacao-no-proximo-dia-10-no-iff","status":"publish","type":"post","link":"https:\/\/maricatotal.com.br\/site\/2019\/11\/28\/prefeitura-lanca-pacto-pela-inovacao-no-proximo-dia-10-no-iff\/","title":{"rendered":"PREFEITURA LAN\u00c7A PACTO PELA INOVA\u00c7\u00c3O NO PR\u00d3XIMO DIA 10, NO IFF"},"content":{"rendered":"\n<figure class=\"wp-block-image size-large\"><img loading=\"lazy\" decoding=\"async\" width=\"1024\" height=\"683\" src=\"http:\/\/maricatotal.com.br\/site\/wp-content\/uploads\/2019\/11\/2019_08_22_Workshop_Parque_Tecnologico-CLARILDO-0913-1024x683.jpg\" alt=\"\" class=\"wp-image-4881\" srcset=\"https:\/\/maricatotal.com.br\/site\/wp-content\/uploads\/2019\/11\/2019_08_22_Workshop_Parque_Tecnologico-CLARILDO-0913-1024x683.jpg 1024w, https:\/\/maricatotal.com.br\/site\/wp-content\/uploads\/2019\/11\/2019_08_22_Workshop_Parque_Tecnologico-CLARILDO-0913-300x200.jpg 300w, https:\/\/maricatotal.com.br\/site\/wp-content\/uploads\/2019\/11\/2019_08_22_Workshop_Parque_Tecnologico-CLARILDO-0913-768x512.jpg 768w, https:\/\/maricatotal.com.br\/site\/wp-content\/uploads\/2019\/11\/2019_08_22_Workshop_Parque_Tecnologico-CLARILDO-0913.jpg 1200w\" sizes=\"auto, (max-width: 1024px) 100vw, 1024px\" \/><\/figure>\n\n\n\n<p>A Prefeitura de Maric\u00e1 vai lan\u00e7ar, no pr\u00f3ximo dia 10\/12 o Pacto pela Inova\u00e7\u00e3o e Desenvolvimento, no qual os participantes se comprometem pensar a supera\u00e7\u00e3o de desafios nos \u00e2mbitos urban\u00edstico, econ\u00f4mico e social. O documento, que integra o escopo da cria\u00e7\u00e3o do Parque Tecnol\u00f3gico de Maric\u00e1, agrega mais de 60 institui\u00e7\u00f5es entre universidades federais e estaduais, \u00f3rg\u00e3os das diferentes esferas de governo, empresas multinacionais e entidades da sociedade civil.<\/p>\n\n\n\n<p>O evento, cuja coordena\u00e7\u00e3o \u00e9 da Companhia de Desenvolvimento de Maric\u00e1 (Codemar), acontece no audit\u00f3rio do Instituto Federal Fluminense (IFF), em Ubatiba, \u00e0s 14h. De acordo com o superintendente do Parque Tecnol\u00f3gico, Tiago de Paula, o objetivo \u00e9 que todos os envolvidos tenham uma vis\u00e3o comum dessas quest\u00f5es e&nbsp;busquem solu\u00e7\u00f5es aliadas ao desenvolvimento tecnol\u00f3gico.<\/p>\n\n\n\n<p>\u201cEssas institui\u00e7\u00f5es dever\u00e3o pensar como esse desenvolvimento pode ajudar nessas solu\u00e7\u00f5es. Nossa ideia \u00e9 montar um conselho que represente o pacto para se reunir a cada quatro meses para avaliar o que est\u00e1 sendo feito e pensado nesse sentido\u201d, afirmou Tiago, que se reuniu nesta quarta-feira (27\/11) com um representante da La Salle Technova de Barcelona, na Espanha, empresa respons\u00e1vel pela implanta\u00e7\u00e3o do @22, o distrito de inova\u00e7\u00e3o da cidade. Tiago e um grupo da Codemar participaram de um grande encontro internacional de parques tecnol\u00f3gicos em Barcelona na semana passada.<\/p>\n\n\n\n<p>O Parque Tecnol\u00f3gico de Maric\u00e1 ter\u00e1 parceria com a Associa\u00e7\u00e3o do Parque Tecnol\u00f3gico de S\u00e3o Jos\u00e9 dos Campos (SP) e com o Instituto Nacional de Tecnologia (INT), refer\u00eancia em transfer\u00eancia de tecnologia para o setor produtivo e com forte atua\u00e7\u00e3o na \u00e1rea de petr\u00f3leo e g\u00e1s, que ser\u00e1 um dos principais setores de atua\u00e7\u00e3o do novo parque.<\/p>\n\n\n\n<p>A \u00e1rea total de aproximadamente 1,5 milh\u00e3o de metros quadrados, no entorno do IFF, dever\u00e1 ter a primeira fase conclu\u00edda at\u00e9 2021. Entre outros itens, o projeto contempla a cria\u00e7\u00e3o de uma \u2018cidade experimental\u2019, onde v\u00e3o morar pessoas empenhadas no desenvolvimento tecnol\u00f3gico. No parque de Barcelona, um dos modelos para o de Maric\u00e1, vivem e trabalham atualmente 90 mil pessoas.<\/p>\n","protected":false},"excerpt":{"rendered":"<p>A Prefeitura de Maric\u00e1 vai lan\u00e7ar, no pr\u00f3ximo dia 10\/12 o Pacto pela Inova\u00e7\u00e3o e Desenvolvimento, no qual os participantes<\/p>\n","protected":false},"author":1,"featured_media":0,"comment_status":"open","ping_status":"open","sticky":false,"template":"","format":"standard","meta":{"colormag_page_container_layout":"default_layout","colormag_page_sidebar_layout":"default_layout","footnotes":""},"categories":[18],"tags":[],"class_list":["post-4880","post","type-post","status-publish","format-standard","hentry","category-entretenimento"],"amp_enabled":true,"_links":{"self":[{"href":"https:\/\/maricatotal.com.br\/site\/wp-json\/wp\/v2\/posts\/4880","targetHints":{"allow":["GET"]}}],"collection":[{"href":"https:\/\/maricatotal.com.br\/site\/wp-json\/wp\/v2\/posts"}],"about":[{"href":"https:\/\/maricatotal.com.br\/site\/wp-json\/wp\/v2\/types\/post"}],"author":[{"embeddable":true,"href":"https:\/\/maricatotal.com.br\/site\/wp-json\/wp\/v2\/users\/1"}],"replies":[{"embeddable":true,"href":"https:\/\/maricatotal.com.br\/site\/wp-json\/wp\/v2\/comments?post=4880"}],"version-history":[{"count":0,"href":"https:\/\/maricatotal.com.br\/site\/wp-json\/wp\/v2\/posts\/4880\/revisions"}],"wp:attachment":[{"href":"https:\/\/maricatotal.com.br\/site\/wp-json\/wp\/v2\/media?parent=4880"}],"wp:term":[{"taxonomy":"category","embeddable":true,"href":"https:\/\/maricatotal.com.br\/site\/wp-json\/wp\/v2\/categories?post=4880"},{"taxonomy":"post_tag","embeddable":true,"href":"https:\/\/maricatotal.com.br\/site\/wp-json\/wp\/v2\/tags?post=4880"}],"curies":[{"name":"wp","href":"https:\/\/api.w.org\/{rel}","templated":true}]}}