{"id":4894,"date":"2019-11-29T09:23:37","date_gmt":"2019-11-29T12:23:37","guid":{"rendered":"http:\/\/maricatotal.com.br\/site\/?p=4894"},"modified":"2019-11-29T09:23:40","modified_gmt":"2019-11-29T12:23:40","slug":"mulher-assassinada-em-itaipuacu-pode-ter-sido-vitima-de-feminicidio","status":"publish","type":"post","link":"https:\/\/maricatotal.com.br\/site\/2019\/11\/29\/mulher-assassinada-em-itaipuacu-pode-ter-sido-vitima-de-feminicidio\/","title":{"rendered":"MULHER ASSASSINADA EM ITAIPUA\u00c7U PODE TER SIDO V\u00cdTIMA DE FEMINIC\u00cdDIO"},"content":{"rendered":"\n<figure class=\"wp-block-image size-large\"><img loading=\"lazy\" decoding=\"async\" width=\"540\" height=\"960\" src=\"http:\/\/maricatotal.com.br\/site\/wp-content\/uploads\/2019\/11\/59325768_297819791112380_6413814086345162752_n.jpg\" alt=\"\" class=\"wp-image-4895\" srcset=\"https:\/\/maricatotal.com.br\/site\/wp-content\/uploads\/2019\/11\/59325768_297819791112380_6413814086345162752_n.jpg 540w, https:\/\/maricatotal.com.br\/site\/wp-content\/uploads\/2019\/11\/59325768_297819791112380_6413814086345162752_n-169x300.jpg 169w\" sizes=\"auto, (max-width: 540px) 100vw, 540px\" \/><figcaption>Foto: Redes Sociais. <\/figcaption><\/figure>\n\n\n\n<p>Assassinada na noite da \u00faltima quinta-feira (28), Katlen da Silva do Carmo pode ter sido v\u00edtima de Feminic\u00eddio. O caso aconteceu na Rua 34, no Jardim Atl\u00e2ntico, em Itaipua\u00e7u, e o maior suspeito do caso \u00e9 o seu companheiro. <\/p>\n\n\n\n<p>Segundo informa\u00e7\u00f5es levantadas pelo Site Maric\u00e1 Total, o casal estava caminhando para casa quando iniciaram uma grande discuss\u00e3o. Logo ap\u00f3s, o homem sacou uma arma e atirou diversas vezes na cabe\u00e7a da mulher, que morreu no local. O homem fugiu. <\/p>\n\n\n\n<p> A Delegacia Especializada est\u00e1 a frente do caso e j\u00e1 trabalha com a possibilidade de crime de Feminic\u00eddio.  <\/p>\n\n\n\n<p>A Pol\u00edcia Militar de Maric\u00e1 foi acionada junto a Divis\u00e3o de Homic\u00eddios de Niter\u00f3i e S\u00e3o Gon\u00e7alo (DHNSG) para o local, e efeturam os procedimentos periciais. Ap\u00f3s, o corpo foi removido pelo Rabec\u00e3o da Defesa Civil e encaminhado para o Instituto M\u00e9dico Legal, em Niter\u00f3i.<\/p>\n","protected":false},"excerpt":{"rendered":"<p>Assassinada na noite da \u00faltima quinta-feira (28), Katlen da Silva do Carmo pode ter sido v\u00edtima de Feminic\u00eddio. O caso<\/p>\n","protected":false},"author":1,"featured_media":0,"comment_status":"open","ping_status":"open","sticky":false,"template":"","format":"standard","meta":{"colormag_page_container_layout":"default_layout","colormag_page_sidebar_layout":"default_layout","footnotes":""},"categories":[1],"tags":[],"class_list":["post-4894","post","type-post","status-publish","format-standard","hentry","category-noticias"],"amp_enabled":true,"_links":{"self":[{"href":"https:\/\/maricatotal.com.br\/site\/wp-json\/wp\/v2\/posts\/4894","targetHints":{"allow":["GET"]}}],"collection":[{"href":"https:\/\/maricatotal.com.br\/site\/wp-json\/wp\/v2\/posts"}],"about":[{"href":"https:\/\/maricatotal.com.br\/site\/wp-json\/wp\/v2\/types\/post"}],"author":[{"embeddable":true,"href":"https:\/\/maricatotal.com.br\/site\/wp-json\/wp\/v2\/users\/1"}],"replies":[{"embeddable":true,"href":"https:\/\/maricatotal.com.br\/site\/wp-json\/wp\/v2\/comments?post=4894"}],"version-history":[{"count":0,"href":"https:\/\/maricatotal.com.br\/site\/wp-json\/wp\/v2\/posts\/4894\/revisions"}],"wp:attachment":[{"href":"https:\/\/maricatotal.com.br\/site\/wp-json\/wp\/v2\/media?parent=4894"}],"wp:term":[{"taxonomy":"category","embeddable":true,"href":"https:\/\/maricatotal.com.br\/site\/wp-json\/wp\/v2\/categories?post=4894"},{"taxonomy":"post_tag","embeddable":true,"href":"https:\/\/maricatotal.com.br\/site\/wp-json\/wp\/v2\/tags?post=4894"}],"curies":[{"name":"wp","href":"https:\/\/api.w.org\/{rel}","templated":true}]}}