{"id":48963,"date":"2023-03-13T20:32:04","date_gmt":"2023-03-13T23:32:04","guid":{"rendered":"https:\/\/maricatotal.com.br\/site\/?p=48963"},"modified":"2023-04-01T03:03:18","modified_gmt":"2023-04-01T06:03:18","slug":"marica-tera-novo-calcadao-na-regiao-central","status":"publish","type":"post","link":"https:\/\/maricatotal.com.br\/site\/2023\/03\/13\/marica-tera-novo-calcadao-na-regiao-central\/","title":{"rendered":"MARIC\u00c1 TER\u00c1 NOVO &#8216;CAL\u00c7AD\u00c3O&#8217; NA REGI\u00c3O CENTRAL"},"content":{"rendered":"\n<p>Nesta segunda-feira, 13,  O Prefeito Fabiano Horta, estava presente no in\u00edcio das obras do novo Boulevard Maric\u00e1. A ideia \u00e9 tornar a Rua Juvenal Jos\u00e9 Bittencourt, no Centro de Maric\u00e1, um &#8216;Cal\u00e7ad\u00e3o&#8217;. Para assim gerar um novo fluxo no com\u00e9rcio da regi\u00e3o.<br><br>\u201cO Boulevard Maric\u00e1 vai ser um grande corredor de fluxo de pedestres para que a gente possa ter uma nova din\u00e2mica comercial aqui no Centro de Maric\u00e1\u201d, diz prefeito.<br><br>O projeto do Centro de Com\u00e9rcio Popular (Cecop) visa melhorar as condi\u00e7\u00f5es de trabalho dos camel\u00f4s, aumentando as vendas e incentivando a formaliza\u00e7\u00e3o dos profissionais, al\u00e9m de melhorar a circula\u00e7\u00e3o dos moradores pelo centro, liberando o espa\u00e7o das cal\u00e7adas. O local vai contar, ainda, com espa\u00e7os gastron\u00f4mico e de artesanato.<\/p>\n\n\n\n<p>Devido \u00e0 obra da constru\u00e7\u00e3o do novo Boulevard, a Rua Juvenal Jos\u00e9 Bittencourt foi totalmente interditada. Para acessar o bairro Boa Vista, a Rua Carlos Rangel teve o sentido invertido. A via foi sinalizada e conta com agentes de tr\u00e2nsito para orientar motoristas e pedestres no local.<\/p>\n\n\n\n<figure class=\"wp-block-image size-large\"><img loading=\"lazy\" decoding=\"async\" width=\"1024\" height=\"537\" src=\"https:\/\/maricatotal.com.br\/site\/wp-content\/uploads\/2023\/03\/FB_IMG_1678751091872-1024x537.jpg\" alt=\"\" class=\"wp-image-48966\" srcset=\"https:\/\/maricatotal.com.br\/site\/wp-content\/uploads\/2023\/03\/FB_IMG_1678751091872-1024x537.jpg 1024w, https:\/\/maricatotal.com.br\/site\/wp-content\/uploads\/2023\/03\/FB_IMG_1678751091872-300x157.jpg 300w, https:\/\/maricatotal.com.br\/site\/wp-content\/uploads\/2023\/03\/FB_IMG_1678751091872-768x402.jpg 768w, https:\/\/maricatotal.com.br\/site\/wp-content\/uploads\/2023\/03\/FB_IMG_1678751091872-390x205.jpg 390w, https:\/\/maricatotal.com.br\/site\/wp-content\/uploads\/2023\/03\/FB_IMG_1678751091872.jpg 1080w\" sizes=\"auto, (max-width: 1024px) 100vw, 1024px\" \/><\/figure>\n\n\n\n<figure class=\"wp-block-image\"><img loading=\"lazy\" decoding=\"async\" width=\"1024\" height=\"537\" src=\"https:\/\/maricatotal.com.br\/site\/wp-content\/uploads\/2023\/03\/FB_IMG_1678751083637-1024x537.jpg\" alt=\"\" class=\"wp-image-48967\" srcset=\"https:\/\/maricatotal.com.br\/site\/wp-content\/uploads\/2023\/03\/FB_IMG_1678751083637-1024x537.jpg 1024w, https:\/\/maricatotal.com.br\/site\/wp-content\/uploads\/2023\/03\/FB_IMG_1678751083637-300x157.jpg 300w, https:\/\/maricatotal.com.br\/site\/wp-content\/uploads\/2023\/03\/FB_IMG_1678751083637-768x402.jpg 768w, https:\/\/maricatotal.com.br\/site\/wp-content\/uploads\/2023\/03\/FB_IMG_1678751083637-390x205.jpg 390w, https:\/\/maricatotal.com.br\/site\/wp-content\/uploads\/2023\/03\/FB_IMG_1678751083637.jpg 1080w\" sizes=\"auto, (max-width: 1024px) 100vw, 1024px\" \/><\/figure>\n","protected":false},"excerpt":{"rendered":"<p>Nesta segunda-feira, 13, O Prefeito Fabiano Horta, estava presente no in\u00edcio das obras do novo Boulevard Maric\u00e1. A ideia \u00e9<\/p>\n","protected":false},"author":1,"featured_media":48962,"comment_status":"open","ping_status":"open","sticky":false,"template":"","format":"standard","meta":{"colormag_page_container_layout":"default_layout","colormag_page_sidebar_layout":"default_layout","footnotes":""},"categories":[1],"tags":[],"class_list":["post-48963","post","type-post","status-publish","format-standard","has-post-thumbnail","hentry","category-noticias"],"amp_enabled":true,"_links":{"self":[{"href":"https:\/\/maricatotal.com.br\/site\/wp-json\/wp\/v2\/posts\/48963","targetHints":{"allow":["GET"]}}],"collection":[{"href":"https:\/\/maricatotal.com.br\/site\/wp-json\/wp\/v2\/posts"}],"about":[{"href":"https:\/\/maricatotal.com.br\/site\/wp-json\/wp\/v2\/types\/post"}],"author":[{"embeddable":true,"href":"https:\/\/maricatotal.com.br\/site\/wp-json\/wp\/v2\/users\/1"}],"replies":[{"embeddable":true,"href":"https:\/\/maricatotal.com.br\/site\/wp-json\/wp\/v2\/comments?post=48963"}],"version-history":[{"count":3,"href":"https:\/\/maricatotal.com.br\/site\/wp-json\/wp\/v2\/posts\/48963\/revisions"}],"predecessor-version":[{"id":48968,"href":"https:\/\/maricatotal.com.br\/site\/wp-json\/wp\/v2\/posts\/48963\/revisions\/48968"}],"wp:featuredmedia":[{"embeddable":true,"href":"https:\/\/maricatotal.com.br\/site\/wp-json\/wp\/v2\/media\/48962"}],"wp:attachment":[{"href":"https:\/\/maricatotal.com.br\/site\/wp-json\/wp\/v2\/media?parent=48963"}],"wp:term":[{"taxonomy":"category","embeddable":true,"href":"https:\/\/maricatotal.com.br\/site\/wp-json\/wp\/v2\/categories?post=48963"},{"taxonomy":"post_tag","embeddable":true,"href":"https:\/\/maricatotal.com.br\/site\/wp-json\/wp\/v2\/tags?post=48963"}],"curies":[{"name":"wp","href":"https:\/\/api.w.org\/{rel}","templated":true}]}}