{"id":4897,"date":"2019-11-29T09:27:50","date_gmt":"2019-11-29T12:27:50","guid":{"rendered":"http:\/\/maricatotal.com.br\/site\/?p=4897"},"modified":"2019-11-29T09:27:53","modified_gmt":"2019-11-29T12:27:53","slug":"alunos-da-rede-municipal-recebem-premios-da-olimpiada-brasileira-de-astronomia-e-astronautica","status":"publish","type":"post","link":"https:\/\/maricatotal.com.br\/site\/2019\/11\/29\/alunos-da-rede-municipal-recebem-premios-da-olimpiada-brasileira-de-astronomia-e-astronautica\/","title":{"rendered":"ALUNOS DA REDE MUNICIPAL RECEBEM PR\u00caMIOS DA OLIMP\u00cdADA BRASILEIRA DE ASTRONOMIA E ASTRON\u00c1UTICA"},"content":{"rendered":"\n<figure class=\"wp-block-image size-large\"><img loading=\"lazy\" decoding=\"async\" width=\"1024\" height=\"682\" src=\"http:\/\/maricatotal.com.br\/site\/wp-content\/uploads\/2019\/11\/WhatsApp-Image-2019-11-28-at-15.22.11-1024x682.jpeg\" alt=\"\" class=\"wp-image-4898\" srcset=\"https:\/\/maricatotal.com.br\/site\/wp-content\/uploads\/2019\/11\/WhatsApp-Image-2019-11-28-at-15.22.11-1024x682.jpeg 1024w, https:\/\/maricatotal.com.br\/site\/wp-content\/uploads\/2019\/11\/WhatsApp-Image-2019-11-28-at-15.22.11-300x200.jpeg 300w, https:\/\/maricatotal.com.br\/site\/wp-content\/uploads\/2019\/11\/WhatsApp-Image-2019-11-28-at-15.22.11-768x512.jpeg 768w, https:\/\/maricatotal.com.br\/site\/wp-content\/uploads\/2019\/11\/WhatsApp-Image-2019-11-28-at-15.22.11.jpeg 1280w\" sizes=\"auto, (max-width: 1024px) 100vw, 1024px\" \/><\/figure>\n\n\n\n<p>Quatorze alunos de tr\u00eas escolas da rede municipal de ensino de Maric\u00e1 receberam na tarde desta quinta-feira (28\/11) as medalhas de prata e bronze da Olimp\u00edada Brasileira de Astronomia e Astron\u00e1utica. A premia\u00e7\u00e3o, que contou com a presen\u00e7a dos pais e professores, foi realizada no audit\u00f3rio da Faculdade de Maric\u00e1, durante a Mostra Pedag\u00f3gica promovida pela Secretaria de Educa\u00e7\u00e3o e entregou tamb\u00e9m diplomas a estudantes das escolas municipais Marisa Let\u00edcia Lula da Silva (em Ino\u00e3, que teve 11 alunos premiados), Reginaldo Domingues dos Santos (Ponta Negra) e C\u00f4nego Batalha (S\u00e3o Jos\u00e9 de Imbassa\u00ed, com dois alunos).<\/p>\n\n\n\n<p>A disputa nacional, que contou tamb\u00e9m com institui\u00e7\u00f5es de ensino da rede privada, premiou tamb\u00e9m os professores. Em Maric\u00e1, Ediana Ramos foi apontada como professora destaque deste ano. Lecionando na EM Marisa Let\u00edcia, ela atribuiu o grande sucesso da unidade onde leciona \u00e0 estrutura oferecida a ela e aos alunos. \u201cDigo sempre que minha turma foi um presente que recebi. Eles abra\u00e7aram as propostas e estudaram bastante, pois s\u00e3o interessados no tema\u201d, pontuou ela, ao lado da diretora Lorimar Dornelas. \u201cSomos uma escola fundada no ano passado e, para n\u00f3s, isso significa muito. Temos alunos aplicados e mostramos para elas uma forma diferenciada de aprender esses temas\u201d, ressaltou.<\/p>\n\n\n\n<p>Entre os alunos, havia um misto de orgulho e timidez na hora de fala sobre a conquista. Para Maria Lu\u00edza Queiroz cadete, de 9 anos, que obteve a medalha de prata pelo Marisa Let\u00edcia, o mais interessante foi estudar os astros. \u201cFoi bom saber sobre o espa\u00e7o, os planetas, muito legal\u201d, disse ela.<\/p>\n\n\n\n<p>Os dois alunos da EM C\u00f4nego Batalha estavam visivelmente felizes assim como seus pais. \u201cAdorei ganhar a medalha e estudar sobre as estrelas\u201d, disse Maria Clara Silva, tamb\u00e9m de 9 anos, ao lado da m\u00e3e, a secret\u00e1ria escolar Cl\u00e9ia Costa da Silva, de 43 anos. \u201cEla passou a perguntar mais coisas em casa at\u00e9 sobre minerais. Eu achei bom porque \u00e9 um incentivo para eles estudarem ainda mais\u201d, ponderou. Muitos orgulhosos tamb\u00e9m estavam Edson Cleber Garcia, de 42 anos, e a esposa Lidiane, de 36, pais de Nicolas Nunes, de 9. \u201cEle \u00e9 estudioso e muito curioso tamb\u00e9m, mas a escola tamb\u00e9m d\u00e1 todo o apoio necess\u00e1rio e isso nos deixa bastante felizes\u201d, frisou a m\u00e3e.<\/p>\n\n\n\n<p>Durante o evento, a secret\u00e1ria de Educa\u00e7\u00e3o de Maric\u00e1, Adriana Costa, anunciou um novo reajuste para o magist\u00e9rio a partir de janeiro de 2020, da ordem de 13%. A proposta foi enviada pela Prefeitura esta semana para a C\u00e2mara Municipal, para delibera\u00e7\u00e3o. Ser\u00e1 o terceiro aumento obtido pela rede municipal em cerca de um ano \u2013 no in\u00edcio de 2019 tinham sido 11% e depois mais 10% neste m\u00eas de novembro. \u201cPodemos afirmar que hoje os professores t\u00eam um ganho real de sal\u00e1rio\u201d, afirmou ela, que falou sobre o legado deixado por pr\u00eamios como este.<\/p>\n\n\n\n<p>\u201cQuando se v\u00ea alunos nossos sendo premiados depois de tanto esfor\u00e7o, e concorrendo com o brasil inteiro, vemos que \u00e9 importante despert\u00e1-los para se tornarem tamb\u00e9m pesquisadores\u201d, ressaltou. Para a gerente de Ensino Fundamental Marisa de Souza, o resultado comprova o n\u00edvel de ensino da rede maricaense. \u201cEncontramos qualidade nos professores e o empenho dos alunos, algo que nos deixa realizados\u201d, resumiu.<\/p>\n","protected":false},"excerpt":{"rendered":"<p>Quatorze alunos de tr\u00eas escolas da rede municipal de ensino de Maric\u00e1 receberam na tarde desta quinta-feira (28\/11) as medalhas<\/p>\n","protected":false},"author":1,"featured_media":0,"comment_status":"open","ping_status":"open","sticky":false,"template":"","format":"standard","meta":{"colormag_page_container_layout":"default_layout","colormag_page_sidebar_layout":"default_layout","footnotes":""},"categories":[18],"tags":[],"class_list":["post-4897","post","type-post","status-publish","format-standard","hentry","category-entretenimento"],"amp_enabled":true,"_links":{"self":[{"href":"https:\/\/maricatotal.com.br\/site\/wp-json\/wp\/v2\/posts\/4897","targetHints":{"allow":["GET"]}}],"collection":[{"href":"https:\/\/maricatotal.com.br\/site\/wp-json\/wp\/v2\/posts"}],"about":[{"href":"https:\/\/maricatotal.com.br\/site\/wp-json\/wp\/v2\/types\/post"}],"author":[{"embeddable":true,"href":"https:\/\/maricatotal.com.br\/site\/wp-json\/wp\/v2\/users\/1"}],"replies":[{"embeddable":true,"href":"https:\/\/maricatotal.com.br\/site\/wp-json\/wp\/v2\/comments?post=4897"}],"version-history":[{"count":0,"href":"https:\/\/maricatotal.com.br\/site\/wp-json\/wp\/v2\/posts\/4897\/revisions"}],"wp:attachment":[{"href":"https:\/\/maricatotal.com.br\/site\/wp-json\/wp\/v2\/media?parent=4897"}],"wp:term":[{"taxonomy":"category","embeddable":true,"href":"https:\/\/maricatotal.com.br\/site\/wp-json\/wp\/v2\/categories?post=4897"},{"taxonomy":"post_tag","embeddable":true,"href":"https:\/\/maricatotal.com.br\/site\/wp-json\/wp\/v2\/tags?post=4897"}],"curies":[{"name":"wp","href":"https:\/\/api.w.org\/{rel}","templated":true}]}}