{"id":48974,"date":"2023-03-14T17:21:58","date_gmt":"2023-03-14T20:21:58","guid":{"rendered":"https:\/\/maricatotal.com.br\/site\/?p=48974"},"modified":"2023-04-01T03:04:14","modified_gmt":"2023-04-01T06:04:14","slug":"primeira-fase-da-obra-na-rj-106-que-liga-marica-e-saquarema-sera-concluida-em-abril","status":"publish","type":"post","link":"https:\/\/maricatotal.com.br\/site\/2023\/03\/14\/primeira-fase-da-obra-na-rj-106-que-liga-marica-e-saquarema-sera-concluida-em-abril\/","title":{"rendered":"PRIMEIRA FASE DA OBRA NA RJ 106 QUE LIGA MARIC\u00c1 E SAQUAREMA SER\u00c1 CONCLU\u00cdDA EM ABRIL"},"content":{"rendered":"\n<p>O Departamento de Estradas de Rodagem do Estado do Rio de Janeiro (DER-RJ), \u00f3rg\u00e3o da Secretaria de Estado de Infraestrutura e Cidades (SEIC), avan\u00e7a em mais uma etapa das obras de conten\u00e7\u00e3o de encostas e drenagem da RJ-106, na Serra do Mato Grosso, que liga Maric\u00e1 a Saquarema. Foram investidos R$ 47 milh\u00f5es pelo Estado do Rio de Janeiro, e a conclus\u00e3o da primeira fase est\u00e1 prevista para o in\u00edcio de abril deste ano.<\/p>\n\n\n\n<p>A primeira fase da obra priorizou seis trechos da rodovia que haviam sido comprometidos pelas fortes chuvas de abril do ano passado. Com o objetivo de assegurar a integridade f\u00edsica de todos, as obras foram temporariamente suspensas nos per\u00edodos de chuva forte em novembro de 2022 e fevereiro deste ano.<\/p>\n\n\n\n<p>&#8220;O trabalho promovido pelo DER-RJ visa garantir a seguran\u00e7a das pessoas que passam pela RJ-106. Ser\u00e3o investidos mais de R$ 57 milh\u00f5es em duas novas licita\u00e7\u00f5es&#8221;, afirma o presidente do DER-RJ, Pedro Ramos.<\/p>\n\n\n\n<p>A pr\u00f3xima etapa das obras do DER-RJ na Serra do Mato Grosso prev\u00ea novas obras de conten\u00e7\u00e3o e drenagem. O foco ser\u00e1 em outros pontos ao longo da RJ-106 a fim de minimizar instabilidades na serra com a constru\u00e7\u00e3o de cortinas atirantadas, que garantem a estabilidade do solo ao fixar os tirantes em \u00e1reas mais profundas do morro. Essa interven\u00e7\u00e3o ter\u00e1 investimento de R$ 28 milh\u00f5es.<\/p>\n\n\n\n<p>A partir de maio o DER-RJ prev\u00ea licita\u00e7\u00e3o para obras em outros pontos que exigem aten\u00e7\u00e3o, onde ser\u00e3o realizadas conten\u00e7\u00f5es e drenagens, com um investimento de R$ 29,2 milh\u00f5es. Vale lembrar que a RJ-106 tem um tr\u00e1fego estimado de mais de um milh\u00e3o de ve\u00edculos por dia em seus 200,1 km de extens\u00e3o.<\/p>\n\n\n\n<p>O diretor de Obras e Conserva\u00e7\u00e3o do DER-RJ, Jos\u00e9 Milton Couto, ressaltou que est\u00e1 sendo desenvolvido um projeto para o recapeamento e a implementa\u00e7\u00e3o do acostamento em 24 km de extens\u00e3o que fazem a liga\u00e7\u00e3o entre Maric\u00e1 e Sampaio Corr\u00eaa.<\/p>\n","protected":false},"excerpt":{"rendered":"<p>O Departamento de Estradas de Rodagem do Estado do Rio de Janeiro (DER-RJ), \u00f3rg\u00e3o da Secretaria de Estado de Infraestrutura<\/p>\n","protected":false},"author":1,"featured_media":48973,"comment_status":"open","ping_status":"open","sticky":false,"template":"","format":"standard","meta":{"colormag_page_container_layout":"default_layout","colormag_page_sidebar_layout":"default_layout","footnotes":""},"categories":[1],"tags":[],"class_list":["post-48974","post","type-post","status-publish","format-standard","has-post-thumbnail","hentry","category-noticias"],"amp_enabled":true,"_links":{"self":[{"href":"https:\/\/maricatotal.com.br\/site\/wp-json\/wp\/v2\/posts\/48974","targetHints":{"allow":["GET"]}}],"collection":[{"href":"https:\/\/maricatotal.com.br\/site\/wp-json\/wp\/v2\/posts"}],"about":[{"href":"https:\/\/maricatotal.com.br\/site\/wp-json\/wp\/v2\/types\/post"}],"author":[{"embeddable":true,"href":"https:\/\/maricatotal.com.br\/site\/wp-json\/wp\/v2\/users\/1"}],"replies":[{"embeddable":true,"href":"https:\/\/maricatotal.com.br\/site\/wp-json\/wp\/v2\/comments?post=48974"}],"version-history":[{"count":1,"href":"https:\/\/maricatotal.com.br\/site\/wp-json\/wp\/v2\/posts\/48974\/revisions"}],"predecessor-version":[{"id":48975,"href":"https:\/\/maricatotal.com.br\/site\/wp-json\/wp\/v2\/posts\/48974\/revisions\/48975"}],"wp:featuredmedia":[{"embeddable":true,"href":"https:\/\/maricatotal.com.br\/site\/wp-json\/wp\/v2\/media\/48973"}],"wp:attachment":[{"href":"https:\/\/maricatotal.com.br\/site\/wp-json\/wp\/v2\/media?parent=48974"}],"wp:term":[{"taxonomy":"category","embeddable":true,"href":"https:\/\/maricatotal.com.br\/site\/wp-json\/wp\/v2\/categories?post=48974"},{"taxonomy":"post_tag","embeddable":true,"href":"https:\/\/maricatotal.com.br\/site\/wp-json\/wp\/v2\/tags?post=48974"}],"curies":[{"name":"wp","href":"https:\/\/api.w.org\/{rel}","templated":true}]}}