{"id":48994,"date":"2023-03-14T05:12:35","date_gmt":"2023-03-14T08:12:35","guid":{"rendered":"https:\/\/maricatotal.com.br\/site\/?p=48994"},"modified":"2023-04-01T03:03:45","modified_gmt":"2023-04-01T06:03:45","slug":"audiencia-publica-na-camara-municipal-de-marica-discute-concessao-regionalizada-de-agua-e-saneamento-em-marica","status":"publish","type":"post","link":"https:\/\/maricatotal.com.br\/site\/2023\/03\/14\/audiencia-publica-na-camara-municipal-de-marica-discute-concessao-regionalizada-de-agua-e-saneamento-em-marica\/","title":{"rendered":"Audi\u00eancia P\u00fablica na C\u00e2mara Municipal de Maric\u00e1 discute concess\u00e3o regionalizada de \u00e1gua e saneamento em Maric\u00e1."},"content":{"rendered":"\n<p>A C\u00e2mara Municipal de Maric\u00e1 convida para participar da Audi\u00eancia P\u00fablica, a ser realizada no dia 15 de mar\u00e7o \u00e0s 14h30, para \u201cas a\u00e7\u00f5es, os resultados e as metas acerca da concess\u00e3o regionalizada dos servi\u00e7os de \u00e1gua e saneamento na cidade de Maric\u00e1.\u201d<\/p>\n\n\n\n<p>Foram convidados o Representante legal da \u00c1guas do Rio e o representante legal do Instituto Rio Metr\u00f3pole e a Companhia de Saneamento de Maric\u00e1 &#8211; SENEMAR<\/p>\n\n\n\n<p>Quem tiver o interesse em assistir presencialmente, deve se inscrever no formul\u00e1rio no link ou QRCode abaixo: <\/p>\n\n\n\n<p><a href=\"http:\/\/acesse.one\/FormsCamaraMunicipaldeMarica\" data-type=\"URL\" data-id=\"acesse.one\/FormsCamaraMunicipaldeMarica\" target=\"_blank\" rel=\"noreferrer noopener\">acesse.one\/FormsCamaraMunicipaldeMarica<\/a><\/p>\n\n\n\n<figure class=\"wp-block-image is-resized\"><img loading=\"lazy\" decoding=\"async\" src=\"https:\/\/marica.rj.leg.br\/assets\/system-data\/editor\/390083bc0c4e6fc33556177693d4dad9_thumb.jpg\" alt=\"\" width=\"82\" height=\"82\"\/><figcaption class=\"wp-element-caption\">A audi\u00eancia ser\u00e1 transmitida atrav\u00e9s no perfil no Facebook da C\u00e2mara Municipal de Maric\u00e1 &#8211;\u00a0<a rel=\"noreferrer noopener\" href=\"https:\/\/www.facebook.com\/camaramaricaoficial\/\" target=\"_blank\">@camaramaricaoficial<\/a><\/figcaption><\/figure>\n\n\n\n<p><\/p>\n","protected":false},"excerpt":{"rendered":"<p>A C\u00e2mara Municipal de Maric\u00e1 convida para participar da Audi\u00eancia P\u00fablica, a ser realizada no dia 15 de mar\u00e7o \u00e0s<\/p>\n","protected":false},"author":1,"featured_media":48996,"comment_status":"open","ping_status":"open","sticky":false,"template":"","format":"standard","meta":{"colormag_page_container_layout":"default_layout","colormag_page_sidebar_layout":"default_layout","footnotes":""},"categories":[17],"tags":[],"class_list":["post-48994","post","type-post","status-publish","format-standard","has-post-thumbnail","hentry","category-politica"],"amp_enabled":true,"_links":{"self":[{"href":"https:\/\/maricatotal.com.br\/site\/wp-json\/wp\/v2\/posts\/48994","targetHints":{"allow":["GET"]}}],"collection":[{"href":"https:\/\/maricatotal.com.br\/site\/wp-json\/wp\/v2\/posts"}],"about":[{"href":"https:\/\/maricatotal.com.br\/site\/wp-json\/wp\/v2\/types\/post"}],"author":[{"embeddable":true,"href":"https:\/\/maricatotal.com.br\/site\/wp-json\/wp\/v2\/users\/1"}],"replies":[{"embeddable":true,"href":"https:\/\/maricatotal.com.br\/site\/wp-json\/wp\/v2\/comments?post=48994"}],"version-history":[{"count":4,"href":"https:\/\/maricatotal.com.br\/site\/wp-json\/wp\/v2\/posts\/48994\/revisions"}],"predecessor-version":[{"id":49003,"href":"https:\/\/maricatotal.com.br\/site\/wp-json\/wp\/v2\/posts\/48994\/revisions\/49003"}],"wp:featuredmedia":[{"embeddable":true,"href":"https:\/\/maricatotal.com.br\/site\/wp-json\/wp\/v2\/media\/48996"}],"wp:attachment":[{"href":"https:\/\/maricatotal.com.br\/site\/wp-json\/wp\/v2\/media?parent=48994"}],"wp:term":[{"taxonomy":"category","embeddable":true,"href":"https:\/\/maricatotal.com.br\/site\/wp-json\/wp\/v2\/categories?post=48994"},{"taxonomy":"post_tag","embeddable":true,"href":"https:\/\/maricatotal.com.br\/site\/wp-json\/wp\/v2\/tags?post=48994"}],"curies":[{"name":"wp","href":"https:\/\/api.w.org\/{rel}","templated":true}]}}