{"id":4900,"date":"2019-11-29T09:39:55","date_gmt":"2019-11-29T12:39:55","guid":{"rendered":"http:\/\/maricatotal.com.br\/site\/?p=4900"},"modified":"2019-11-29T09:40:09","modified_gmt":"2019-11-29T12:40:09","slug":"marica-sedia-forum-mercosul-de-de-economias-transformadas","status":"publish","type":"post","link":"https:\/\/maricatotal.com.br\/site\/2019\/11\/29\/marica-sedia-forum-mercosul-de-de-economias-transformadas\/","title":{"rendered":"MARIC\u00c1 SEDIA F\u00d3RUM MERCOSUL DE DE ECONOMIAS TRANSFORMADAS"},"content":{"rendered":"\n<figure class=\"wp-block-image size-large\"><img loading=\"lazy\" decoding=\"async\" width=\"1024\" height=\"682\" src=\"http:\/\/maricatotal.com.br\/site\/wp-content\/uploads\/2019\/11\/2019_06_07_Lona_Cultural_Barra_Praca_do_Saber-KATITO-4064-1024x682.jpeg\" alt=\"\" class=\"wp-image-4901\" srcset=\"https:\/\/maricatotal.com.br\/site\/wp-content\/uploads\/2019\/11\/2019_06_07_Lona_Cultural_Barra_Praca_do_Saber-KATITO-4064-1024x682.jpeg 1024w, https:\/\/maricatotal.com.br\/site\/wp-content\/uploads\/2019\/11\/2019_06_07_Lona_Cultural_Barra_Praca_do_Saber-KATITO-4064-300x200.jpeg 300w, https:\/\/maricatotal.com.br\/site\/wp-content\/uploads\/2019\/11\/2019_06_07_Lona_Cultural_Barra_Praca_do_Saber-KATITO-4064-768x512.jpeg 768w, https:\/\/maricatotal.com.br\/site\/wp-content\/uploads\/2019\/11\/2019_06_07_Lona_Cultural_Barra_Praca_do_Saber-KATITO-4064.jpeg 1280w\" sizes=\"auto, (max-width: 1024px) 100vw, 1024px\" \/><\/figure>\n\n\n\n<p>O munic\u00edpio de Maric\u00e1 vai sediar na sexta-feira, dia 29\/11, o F\u00f3rum Mercosul de Economias Transformadoras, um encontro de conflu\u00eancia regional da Am\u00e9rica Sul, realizado em parceria com a Plataforma Mercosul Social Solid\u00e1rio. O encontro ser\u00e1 realizado na Lona Cultural Marielle Franco, na Barra de Maric\u00e1, das 9h \u00e0s 17h30 e \u00e9 preparat\u00f3rio para o F\u00f3rum Social Mundial das Economias Transformadoras (FSMET 2020), que ser\u00e1 de 25 a 28 de junho de 2020, em Barcelona.<\/p>\n\n\n\n<p>O evento \u00e9 dividido em dois momentos: em Maric\u00e1, ser\u00e1 realizado o semin\u00e1rio internacional \u201cUm Novo Mundo \u00e9 Poss\u00edvel e J\u00e1 Acontece Entre N\u00f3s!\u201d, com previs\u00e3o de um p\u00fablico de 250 participantes. E, no dia seguinte, 30\/11, o evento ter\u00e1 prosseguimento no Campus Fund\u00e3o da Universidade Federal do Rio de Janeiro, das 9h \u00e0s 17h30.<\/p>\n\n\n\n<p>De acordo com o secret\u00e1rio de Economia Solid\u00e1ria, Diego Zeidan, est\u00e3o sendo realizados, nas esferas local e internacional, em diferentes partes do mundo encontros regionais de redes, organiza\u00e7\u00f5es, movimentos ou iniciativas relacionadas \u00e0s economias transformadoras com intuito de provocar di\u00e1logos e gerar consensos e conflu\u00eancias dos diferentes movimentos da economia alternativa que contribuam para o FSMET 2020 em Barcelona.<\/p>\n\n\n\n<p>\u201cA organiza\u00e7\u00e3o do f\u00f3rum est\u00e1 em conson\u00e2ncia com a trajet\u00f3ria da cidade no fomento \u00e0s pr\u00e1ticas econ\u00f4micas que n\u00e3o s\u00f3 se contrap\u00f5em a l\u00f3gica capitalista neoliberal, como demonstram que \u00e9 poss\u00edvel, na pr\u00e1tica, construir economias transformadoras\u201d, afirma o secret\u00e1rio de Economia Solid\u00e1ria, Diego Zeidan.<\/p>\n\n\n\n<p>\u201cA parceria com a Plataforma por um Mercosul Social e Solid\u00e1rio possibilita trazer a Maric\u00e1 experi\u00eancias de toda Am\u00e9rica do Sul neste campo, amplia a difus\u00e3o da experi\u00eancia da cidade na Am\u00e9rica Latina e no mundo e a insere no processo de constru\u00e7\u00e3o do F\u00f3rum Mundial. \u00c9 Maric\u00e1, mais uma vez, na cena internacional em consequ\u00eancia das pol\u00edticas inovadoras implementadas aqui\u201d, explicou Diego.<\/p>\n\n\n\n<p>O f\u00f3rum prop\u00f5e quatro correntes de movimentos convergentes: economias feministas e perspectiva de g\u00eanero; Movimentos Agroecol\u00f3gicos e Soberania Alimentar; Bens Comuns: Natural, Urbano, Conhecimento e Digital Commons; e Economias Solid\u00e1rias e Sociais (incluindo com\u00e9rcio justo, cooperativismo e finan\u00e7as \u00e9ticas).<\/p>\n\n\n\n<p>A Plataforma por um Mercosul Social Solid\u00e1rio existe desde 1994 e articula 18 organiza\u00e7\u00f5es dos cinco pa\u00edses do Cone Sul: Argentina, Brasil, Chile, Paraguai e Uruguai. O objetivo dessa plataforma \u00e9 melhorar o exerc\u00edcio da cidadania das organiza\u00e7\u00f5es sociais, bem como dos setores da popula\u00e7\u00e3o em situa\u00e7\u00e3o de pobreza e exclus\u00e3o. Dentre os eixos tem\u00e1ticos de atua\u00e7\u00e3o est\u00e3o agroecologia, soberania alimentar, juventudes, mulheres e economia solid\u00e1ria.<\/p>\n","protected":false},"excerpt":{"rendered":"<p>O munic\u00edpio de Maric\u00e1 vai sediar na sexta-feira, dia 29\/11, o F\u00f3rum Mercosul de Economias Transformadoras, um encontro de conflu\u00eancia<\/p>\n","protected":false},"author":1,"featured_media":0,"comment_status":"open","ping_status":"open","sticky":false,"template":"","format":"standard","meta":{"colormag_page_container_layout":"default_layout","colormag_page_sidebar_layout":"default_layout","footnotes":""},"categories":[18],"tags":[],"class_list":["post-4900","post","type-post","status-publish","format-standard","hentry","category-entretenimento"],"amp_enabled":true,"_links":{"self":[{"href":"https:\/\/maricatotal.com.br\/site\/wp-json\/wp\/v2\/posts\/4900","targetHints":{"allow":["GET"]}}],"collection":[{"href":"https:\/\/maricatotal.com.br\/site\/wp-json\/wp\/v2\/posts"}],"about":[{"href":"https:\/\/maricatotal.com.br\/site\/wp-json\/wp\/v2\/types\/post"}],"author":[{"embeddable":true,"href":"https:\/\/maricatotal.com.br\/site\/wp-json\/wp\/v2\/users\/1"}],"replies":[{"embeddable":true,"href":"https:\/\/maricatotal.com.br\/site\/wp-json\/wp\/v2\/comments?post=4900"}],"version-history":[{"count":0,"href":"https:\/\/maricatotal.com.br\/site\/wp-json\/wp\/v2\/posts\/4900\/revisions"}],"wp:attachment":[{"href":"https:\/\/maricatotal.com.br\/site\/wp-json\/wp\/v2\/media?parent=4900"}],"wp:term":[{"taxonomy":"category","embeddable":true,"href":"https:\/\/maricatotal.com.br\/site\/wp-json\/wp\/v2\/categories?post=4900"},{"taxonomy":"post_tag","embeddable":true,"href":"https:\/\/maricatotal.com.br\/site\/wp-json\/wp\/v2\/tags?post=4900"}],"curies":[{"name":"wp","href":"https:\/\/api.w.org\/{rel}","templated":true}]}}