{"id":49095,"date":"2023-03-19T14:29:27","date_gmt":"2023-03-19T17:29:27","guid":{"rendered":"https:\/\/maricatotal.com.br\/site\/?p=49095"},"modified":"2023-04-01T03:09:41","modified_gmt":"2023-04-01T06:09:41","slug":"acidente-entre-carro-e-moto-deixa-homem-ferido-na-estrada-do-boqueirao","status":"publish","type":"post","link":"https:\/\/maricatotal.com.br\/site\/2023\/03\/19\/acidente-entre-carro-e-moto-deixa-homem-ferido-na-estrada-do-boqueirao\/","title":{"rendered":"ACIDENTE ENTRE CARRO E MOTO DEIXA HOMEM FERIDO NA ESTRADA DO BOQUEIR\u00c3O"},"content":{"rendered":"\n<p>Na noite do \u00faltimo s\u00e1bado, 18, um homem ficou ferido ap\u00f3s acidente entre carro e moto, na Estrada do Boqueir\u00e3o, em Maric\u00e1.\u00a0<br><br>Segundo informa\u00e7\u00f5es, o acidente aconteceu por volta das 19h30. E ap\u00f3s a batida, o motociclista sofreu diversos ferimentos pelo corpo e o socorro m\u00e9dico foi acionado.<br><br>Bombeiros do Destacamento de Maric\u00e1 foram at\u00e9 o local e prestaram os primeiros socorros.\u00a0Logo ap\u00f3s homem foi encaminhado para o Hospital Municipal Dr. Ernesto Che Guevara, em S\u00e3o Jos\u00e9 do Imbassa\u00ed.<\/p>\n\n\n\n<p><\/p>\n","protected":false},"excerpt":{"rendered":"<p>Na noite do \u00faltimo s\u00e1bado, 18, um homem ficou ferido ap\u00f3s acidente entre carro e moto, na Estrada do Boqueir\u00e3o,<\/p>\n","protected":false},"author":1,"featured_media":49094,"comment_status":"open","ping_status":"open","sticky":false,"template":"","format":"standard","meta":{"colormag_page_container_layout":"default_layout","colormag_page_sidebar_layout":"default_layout","footnotes":""},"categories":[1],"tags":[],"class_list":["post-49095","post","type-post","status-publish","format-standard","has-post-thumbnail","hentry","category-noticias"],"amp_enabled":true,"_links":{"self":[{"href":"https:\/\/maricatotal.com.br\/site\/wp-json\/wp\/v2\/posts\/49095","targetHints":{"allow":["GET"]}}],"collection":[{"href":"https:\/\/maricatotal.com.br\/site\/wp-json\/wp\/v2\/posts"}],"about":[{"href":"https:\/\/maricatotal.com.br\/site\/wp-json\/wp\/v2\/types\/post"}],"author":[{"embeddable":true,"href":"https:\/\/maricatotal.com.br\/site\/wp-json\/wp\/v2\/users\/1"}],"replies":[{"embeddable":true,"href":"https:\/\/maricatotal.com.br\/site\/wp-json\/wp\/v2\/comments?post=49095"}],"version-history":[{"count":1,"href":"https:\/\/maricatotal.com.br\/site\/wp-json\/wp\/v2\/posts\/49095\/revisions"}],"predecessor-version":[{"id":49096,"href":"https:\/\/maricatotal.com.br\/site\/wp-json\/wp\/v2\/posts\/49095\/revisions\/49096"}],"wp:featuredmedia":[{"embeddable":true,"href":"https:\/\/maricatotal.com.br\/site\/wp-json\/wp\/v2\/media\/49094"}],"wp:attachment":[{"href":"https:\/\/maricatotal.com.br\/site\/wp-json\/wp\/v2\/media?parent=49095"}],"wp:term":[{"taxonomy":"category","embeddable":true,"href":"https:\/\/maricatotal.com.br\/site\/wp-json\/wp\/v2\/categories?post=49095"},{"taxonomy":"post_tag","embeddable":true,"href":"https:\/\/maricatotal.com.br\/site\/wp-json\/wp\/v2\/tags?post=49095"}],"curies":[{"name":"wp","href":"https:\/\/api.w.org\/{rel}","templated":true}]}}