{"id":49130,"date":"2023-03-21T19:36:18","date_gmt":"2023-03-21T22:36:18","guid":{"rendered":"https:\/\/maricatotal.com.br\/site\/?p=49130"},"modified":"2023-04-01T03:10:44","modified_gmt":"2023-04-01T06:10:44","slug":"atletas-de-marica-participaram-de-campeonato-paralimpico","status":"publish","type":"post","link":"https:\/\/maricatotal.com.br\/site\/2023\/03\/21\/atletas-de-marica-participaram-de-campeonato-paralimpico\/","title":{"rendered":"ATLETAS DE MARIC\u00c1 PARTICIPARAM DE CAMPEONATO PARAL\u00cdMPICO"},"content":{"rendered":"\n<p>Sete atletas do projeto Maric\u00e1 Cidade Ol\u00edmpica participaram na sexta-feira, 17, e no s\u00e1bado, 18, do Campeonato Regional Leste de Bocha Paral\u00edmpica 2023, na Associa\u00e7\u00e3o Niteroiense dos Deficientes F\u00edsicos (Andef), em Rio do Ouro, Niter\u00f3i.<\/p>\n\n\n\n<p>Uma participa\u00e7\u00e3o linda, que garantiu a todos os competidores do Maric\u00e1 Cidade Ol\u00edmpica a classifica\u00e7\u00e3o para o Campeonato Brasileiro da modalidade, que acontecer\u00e1 em setembro, em Fortaleza (Cear\u00e1).<\/p>\n","protected":false},"excerpt":{"rendered":"<p>Sete atletas do projeto Maric\u00e1 Cidade Ol\u00edmpica participaram na sexta-feira, 17, e no s\u00e1bado, 18, do Campeonato Regional Leste de<\/p>\n","protected":false},"author":1,"featured_media":49129,"comment_status":"open","ping_status":"open","sticky":false,"template":"","format":"standard","meta":{"colormag_page_container_layout":"default_layout","colormag_page_sidebar_layout":"default_layout","footnotes":""},"categories":[15],"tags":[],"class_list":["post-49130","post","type-post","status-publish","format-standard","has-post-thumbnail","hentry","category-esporte"],"amp_enabled":true,"_links":{"self":[{"href":"https:\/\/maricatotal.com.br\/site\/wp-json\/wp\/v2\/posts\/49130","targetHints":{"allow":["GET"]}}],"collection":[{"href":"https:\/\/maricatotal.com.br\/site\/wp-json\/wp\/v2\/posts"}],"about":[{"href":"https:\/\/maricatotal.com.br\/site\/wp-json\/wp\/v2\/types\/post"}],"author":[{"embeddable":true,"href":"https:\/\/maricatotal.com.br\/site\/wp-json\/wp\/v2\/users\/1"}],"replies":[{"embeddable":true,"href":"https:\/\/maricatotal.com.br\/site\/wp-json\/wp\/v2\/comments?post=49130"}],"version-history":[{"count":1,"href":"https:\/\/maricatotal.com.br\/site\/wp-json\/wp\/v2\/posts\/49130\/revisions"}],"predecessor-version":[{"id":49131,"href":"https:\/\/maricatotal.com.br\/site\/wp-json\/wp\/v2\/posts\/49130\/revisions\/49131"}],"wp:featuredmedia":[{"embeddable":true,"href":"https:\/\/maricatotal.com.br\/site\/wp-json\/wp\/v2\/media\/49129"}],"wp:attachment":[{"href":"https:\/\/maricatotal.com.br\/site\/wp-json\/wp\/v2\/media?parent=49130"}],"wp:term":[{"taxonomy":"category","embeddable":true,"href":"https:\/\/maricatotal.com.br\/site\/wp-json\/wp\/v2\/categories?post=49130"},{"taxonomy":"post_tag","embeddable":true,"href":"https:\/\/maricatotal.com.br\/site\/wp-json\/wp\/v2\/tags?post=49130"}],"curies":[{"name":"wp","href":"https:\/\/api.w.org\/{rel}","templated":true}]}}