{"id":49330,"date":"2023-04-01T16:58:36","date_gmt":"2023-04-01T19:58:36","guid":{"rendered":"https:\/\/maricatotal.com.br\/site\/?p=49330"},"modified":"2023-04-30T22:35:06","modified_gmt":"2023-05-01T01:35:06","slug":"deputada-zeidan-foi-ameacada-em-itaborai","status":"publish","type":"post","link":"https:\/\/maricatotal.com.br\/site\/2023\/04\/01\/deputada-zeidan-foi-ameacada-em-itaborai\/","title":{"rendered":"DEPUTADA ZEIDAN FOI INTIMIDADA E AMEA\u00c7ADA EM ITABORA\u00cd"},"content":{"rendered":"\n<p>Na tarde da \u00faltima segunda-feira, 27, teve a cerim\u00f4nia de entrega das novas ambul\u00e2ncias de Maric\u00e1, realizada pelo Governador do Estados do RJ, Cl\u00e1udio Castro, no Hospital Ernesto Che Guevara, onde tamb\u00e9m se encontrava alguns parlamentares e a Deputada Zeidan.<\/p>\n\n\n\n<p>Um homem se aproximou da Deputada Zeidan e perguntou se ela iria para Itabora\u00ed, e logo em seguida, disse a ela para n\u00e3o ir, porque seria uma guerra para ela l\u00e1. De imediato, ela respondeu e encerrou a conversa.<\/p>\n\n\n\n<p>Na manh\u00e3 deste s\u00e1bado, 1, a Deputada Zeidan estava no munic\u00edpio de Itabora\u00ed, em uma cafeteria, quando de repente um carro encosta, abaixa o vidro e fala: &#8220;Deputada Zeidan, est\u00e1 fazendo o que aqui? Volta para Maric\u00e1, onde \u00e9 o seu lugar&#8221;.<\/p>\n\n\n\n<p>Logo ap\u00f3s, a deputada notou que havia mais alguns carros rodeando a cafeteria h\u00e1 uns 30 minutos, tentando intimida-la. E ent\u00e3o, ela saiu e foi at\u00e9 a Pra\u00e7a, que fica em frente a Prefeitura de Itabora\u00ed para fazer algumas fotos. Mas notou que os mesmos carros a seguiram e ficaram rodeando o local.<\/p>\n\n\n\n<p>De imediato, ela se encaminhou para ir embora, quando dois homens se aproximaram e come\u00e7aram a indagar a deputada com tom de intimida\u00e7\u00e3o, a mandando ir embora do munic\u00edpio. Dizendo que ela deveria pedir desculpas o povo de l\u00e1.<\/p>\n\n\n\n<p>A deputada evitou confronto, tentando apaziguar a discuss\u00e3o, e logo em seguida saiu do local. Mas os carros a seguiram at\u00e9 a sa\u00edda da Cidade de Itabora\u00ed.<\/p>\n\n\n\n<p>O caso foi registrado na tarde deste s\u00e1bado na Delegacia de Maric\u00e1 (82\u00aa DP).<\/p>\n","protected":false},"excerpt":{"rendered":"<p>Na tarde da \u00faltima segunda-feira, 27, teve a cerim\u00f4nia de entrega das novas ambul\u00e2ncias de Maric\u00e1, realizada pelo Governador do<\/p>\n","protected":false},"author":1,"featured_media":49342,"comment_status":"open","ping_status":"open","sticky":false,"template":"","format":"standard","meta":{"colormag_page_container_layout":"default_layout","colormag_page_sidebar_layout":"default_layout","footnotes":""},"categories":[1],"tags":[],"class_list":["post-49330","post","type-post","status-publish","format-standard","has-post-thumbnail","hentry","category-noticias"],"amp_enabled":true,"_links":{"self":[{"href":"https:\/\/maricatotal.com.br\/site\/wp-json\/wp\/v2\/posts\/49330","targetHints":{"allow":["GET"]}}],"collection":[{"href":"https:\/\/maricatotal.com.br\/site\/wp-json\/wp\/v2\/posts"}],"about":[{"href":"https:\/\/maricatotal.com.br\/site\/wp-json\/wp\/v2\/types\/post"}],"author":[{"embeddable":true,"href":"https:\/\/maricatotal.com.br\/site\/wp-json\/wp\/v2\/users\/1"}],"replies":[{"embeddable":true,"href":"https:\/\/maricatotal.com.br\/site\/wp-json\/wp\/v2\/comments?post=49330"}],"version-history":[{"count":5,"href":"https:\/\/maricatotal.com.br\/site\/wp-json\/wp\/v2\/posts\/49330\/revisions"}],"predecessor-version":[{"id":49343,"href":"https:\/\/maricatotal.com.br\/site\/wp-json\/wp\/v2\/posts\/49330\/revisions\/49343"}],"wp:featuredmedia":[{"embeddable":true,"href":"https:\/\/maricatotal.com.br\/site\/wp-json\/wp\/v2\/media\/49342"}],"wp:attachment":[{"href":"https:\/\/maricatotal.com.br\/site\/wp-json\/wp\/v2\/media?parent=49330"}],"wp:term":[{"taxonomy":"category","embeddable":true,"href":"https:\/\/maricatotal.com.br\/site\/wp-json\/wp\/v2\/categories?post=49330"},{"taxonomy":"post_tag","embeddable":true,"href":"https:\/\/maricatotal.com.br\/site\/wp-json\/wp\/v2\/tags?post=49330"}],"curies":[{"name":"wp","href":"https:\/\/api.w.org\/{rel}","templated":true}]}}