{"id":49345,"date":"2023-04-01T18:23:51","date_gmt":"2023-04-01T21:23:51","guid":{"rendered":"https:\/\/maricatotal.com.br\/site\/?p=49345"},"modified":"2023-04-30T22:35:14","modified_gmt":"2023-05-01T01:35:14","slug":"aracatiba-recebe-segunda-edicao-da-feira-de-agricultura-familiar","status":"publish","type":"post","link":"https:\/\/maricatotal.com.br\/site\/2023\/04\/01\/aracatiba-recebe-segunda-edicao-da-feira-de-agricultura-familiar\/","title":{"rendered":"Ara\u00e7atiba recebe segunda edi\u00e7\u00e3o da Feira de Agricultura Familiar"},"content":{"rendered":"\n<p>A Prefeitura de Maric\u00e1, por meio da Secretaria de Agricultura, Pecu\u00e1ria e Pesca, levou \u00e0 pra\u00e7a agroecol\u00f3gica de Ara\u00e7atiba, na manh\u00e3 deste s\u00e1bado (1\u00ba\/04), a segunda edi\u00e7\u00e3o da Feira de Agricultura Familiar deste ano, com produtos hortifruti, gastronomia artesanal, plantas e artesanatos. O evento integra o S\u00e1bado Agroecol\u00f3gico, que acontece no primeiro s\u00e1bado de cada m\u00eas, e reuniu cerca de 40 expositores, al\u00e9m do Caminh\u00e3o do Peixe, que vendia pescado 40% mais barato do que no com\u00e9rcio local.<\/p>\n\n\n\n<p>Nas barracas, era poss\u00edvel encontrar desde produtos naturais e org\u00e2nicos a uma diversidade de cervejas artesanais e trabalhos art\u00edsticos (como quadros e bordados), al\u00e9m de livros com pre\u00e7os reduzidos. Ao lado do marido, a jovem Isabela Sampaio, de 21 anos, que \u00e9 moradora de S\u00e3o Jos\u00e9 de Imbassa\u00ed, p\u00f4s \u00e0 venda obras cl\u00e1ssicas de autores variados, como Graciliano Ramos e George Orwell. \u201c\u00c9 melhor do que ficar na estante. Trouxemos para vender neste espa\u00e7o que eu acho muito bacana\u201d, disse.<\/p>\n\n\n\n<p>Entre os que preferiram levar para casa mudas de alimentos, estava o prestador de servi\u00e7os Max Andr\u00e9, de 48 anos, que foi \u201cfazer a feira\u201d no evento levando itens, como couve e cheiro verde. \u201cJ\u00e1 frequento a feira h\u00e1 algum tempo e vou levar mais coisas. Acho muito bom ter esse espa\u00e7o porque ajuda os produtores locais e incentiva o povo a consumir o que \u00e9 realmente natural\u201d, ressaltou o morador do Flamengo.<\/p>\n\n\n\n<p>J\u00e1 a dona de casa Daniela Reis, 38 anos, moradora do Condado, visitou a Feira Agroecol\u00f3gica pela primeira vez e saiu da barraca da Cooperar com mudas de feij\u00e3o e repolho e livros para ajudar no plantio em casa. \u201cS\u00f3 de n\u00e3o ter nenhum tipo de agrot\u00f3xico j\u00e1 valeu ter vindo aqui. Gostei muito. Vou ler os livros para aprender a fazer direitinho\u201d, garantiu.<\/p>\n\n\n\n<p>No local tamb\u00e9m foi realizada uma oficina gratuita de t\u00e9cnicas de artesanato com o professor Jos\u00e9 Domingos, que atua no Instituto Jodoma de capacita\u00e7\u00e3o sociocultural e ambiental. Ele ensinou como fazer pe\u00e7as a partir da reutiliza\u00e7\u00e3o de folhas de coqueiro, bambu e taboa.<\/p>\n\n\n\n<p>A nova secret\u00e1ria de Agricultura, Pecu\u00e1ria e Pesca, Mariana Principe, disse que nos pr\u00f3ximos meses pretende levar a Feira Agroecol\u00f3gica para outras regi\u00f5es da cidade. \u201cAinda estamos avaliando, mas temos a inten\u00e7\u00e3o de disponibilizar esse evento em outros locais da cidade, come\u00e7ando por Itaipua\u00e7u\u201d, afirmou.<\/p>\n","protected":false},"excerpt":{"rendered":"<p>A Prefeitura de Maric\u00e1, por meio da Secretaria de Agricultura, Pecu\u00e1ria e Pesca, levou \u00e0 pra\u00e7a agroecol\u00f3gica de Ara\u00e7atiba, na<\/p>\n","protected":false},"author":1,"featured_media":49344,"comment_status":"open","ping_status":"open","sticky":false,"template":"","format":"standard","meta":{"colormag_page_container_layout":"default_layout","colormag_page_sidebar_layout":"default_layout","footnotes":""},"categories":[18],"tags":[],"class_list":["post-49345","post","type-post","status-publish","format-standard","has-post-thumbnail","hentry","category-entretenimento"],"amp_enabled":true,"_links":{"self":[{"href":"https:\/\/maricatotal.com.br\/site\/wp-json\/wp\/v2\/posts\/49345","targetHints":{"allow":["GET"]}}],"collection":[{"href":"https:\/\/maricatotal.com.br\/site\/wp-json\/wp\/v2\/posts"}],"about":[{"href":"https:\/\/maricatotal.com.br\/site\/wp-json\/wp\/v2\/types\/post"}],"author":[{"embeddable":true,"href":"https:\/\/maricatotal.com.br\/site\/wp-json\/wp\/v2\/users\/1"}],"replies":[{"embeddable":true,"href":"https:\/\/maricatotal.com.br\/site\/wp-json\/wp\/v2\/comments?post=49345"}],"version-history":[{"count":1,"href":"https:\/\/maricatotal.com.br\/site\/wp-json\/wp\/v2\/posts\/49345\/revisions"}],"predecessor-version":[{"id":49346,"href":"https:\/\/maricatotal.com.br\/site\/wp-json\/wp\/v2\/posts\/49345\/revisions\/49346"}],"wp:featuredmedia":[{"embeddable":true,"href":"https:\/\/maricatotal.com.br\/site\/wp-json\/wp\/v2\/media\/49344"}],"wp:attachment":[{"href":"https:\/\/maricatotal.com.br\/site\/wp-json\/wp\/v2\/media?parent=49345"}],"wp:term":[{"taxonomy":"category","embeddable":true,"href":"https:\/\/maricatotal.com.br\/site\/wp-json\/wp\/v2\/categories?post=49345"},{"taxonomy":"post_tag","embeddable":true,"href":"https:\/\/maricatotal.com.br\/site\/wp-json\/wp\/v2\/tags?post=49345"}],"curies":[{"name":"wp","href":"https:\/\/api.w.org\/{rel}","templated":true}]}}