{"id":49369,"date":"2023-04-01T18:41:35","date_gmt":"2023-04-01T21:41:35","guid":{"rendered":"https:\/\/maricatotal.com.br\/site\/?p=49369"},"modified":"2023-04-30T22:35:39","modified_gmt":"2023-05-01T01:35:39","slug":"marica-tera-alteracoes-no-transito-para-procissao-de-domingo-de-ramos","status":"publish","type":"post","link":"https:\/\/maricatotal.com.br\/site\/2023\/04\/01\/marica-tera-alteracoes-no-transito-para-procissao-de-domingo-de-ramos\/","title":{"rendered":"Maric\u00e1 ter\u00e1 altera\u00e7\u00f5es no tr\u00e2nsito para prociss\u00e3o de Domingo de Ramos"},"content":{"rendered":"\n<p>O tr\u00e2nsito no Centro de Maric\u00e1 vai sofrer altera\u00e7\u00f5es neste domingo, 2, por conta das celebra\u00e7\u00f5es de Domingo de Ramos. As mudan\u00e7as v\u00e3o acontecer na parte da manh\u00e3 e o itiner\u00e1rio de duas linhas de \u00f4nibus tamb\u00e9m vai precisar ser alterado.<\/p>\n\n\n\n<p>A concentra\u00e7\u00e3o para a prociss\u00e3o vai acontecer na Capela de S\u00e3o Pedro, em Ara\u00e7atiba, \u00e0s 8h. De l\u00e1 os fi\u00e9s v\u00e3o sair em caminhada pela rua \u00c1lvares de Castro e na sequ\u00eancia pela Bar\u00e3o de Ino\u00e3, at\u00e9 o Centro Educacional Professora Zilca Lopes, onde a missa ser\u00e1 realizada.<\/p>\n\n\n\n<p>Para garantir a seguran\u00e7a dos participantes, a rua bar\u00e3o de Ino\u00e3 ser\u00e1 interditada na altura do col\u00e9gio, entre as 7h30 e as 11h. Os ve\u00edculos ser\u00e3o desviados pela rua Prefeito Hil\u00e1rio da Costa e Silva, ao lado da unidade escolar.<\/p>\n\n\n\n<h2 class=\"wp-block-heading\">Altera\u00e7\u00e3o nos vermelhinhos<\/h2>\n\n\n\n<p>As linhas de \u00f4nibus E-11 e E-13 tamb\u00e9m ter\u00e3o o itiner\u00e1rio alterado na manh\u00e3 de domingo.<\/p>\n\n\n\n<p>O \u00f4nibus que faz a linha Centro x Ara\u00e7atiba vai acessar as ruas Alberto Rangel e Fernando Henrique Assun\u00e7\u00e3o depois de passar pela rua Dr. Milton de Souza Pacheco. O ponto final continua sendo a Pra\u00e7a Tiradentes. Na volta o itiner\u00e1rio ser\u00e1 pelas ruas \u00c1lvares de Castro, Nove, Av. Prefeito Odenir Francisco da Costa, Boaz Velasco e rua Gabriel Henrique de Farias Junior. Chegando na Rua Dom\u00edcio da Gama o trajeto volta ao normal.<\/p>\n\n\n\n<p>J\u00e1 a linha Rodovi\u00e1ria x Parque Nanci &#8211; via Itapeba, n\u00e3o sofrer\u00e1 mudan\u00e7as no trajeto sentido ao bairro, mas na volta para a rodovi\u00e1ria, os \u00f4nibus v\u00e3o passar pela rua Cl\u00edmaco Pereira e seguir pelas ruas Abreu Sodr\u00e9 e Dom\u00edcio da Gama at\u00e9 o destino final, a Rodovi\u00e1ria do Povo.<\/p>\n\n\n\n<p><\/p>\n","protected":false},"excerpt":{"rendered":"<p>O tr\u00e2nsito no Centro de Maric\u00e1 vai sofrer altera\u00e7\u00f5es neste domingo, 2, por conta das celebra\u00e7\u00f5es de Domingo de Ramos.<\/p>\n","protected":false},"author":1,"featured_media":49368,"comment_status":"open","ping_status":"open","sticky":false,"template":"","format":"standard","meta":{"colormag_page_container_layout":"default_layout","colormag_page_sidebar_layout":"default_layout","footnotes":""},"categories":[16],"tags":[],"class_list":["post-49369","post","type-post","status-publish","format-standard","has-post-thumbnail","hentry","category-transito"],"amp_enabled":true,"_links":{"self":[{"href":"https:\/\/maricatotal.com.br\/site\/wp-json\/wp\/v2\/posts\/49369","targetHints":{"allow":["GET"]}}],"collection":[{"href":"https:\/\/maricatotal.com.br\/site\/wp-json\/wp\/v2\/posts"}],"about":[{"href":"https:\/\/maricatotal.com.br\/site\/wp-json\/wp\/v2\/types\/post"}],"author":[{"embeddable":true,"href":"https:\/\/maricatotal.com.br\/site\/wp-json\/wp\/v2\/users\/1"}],"replies":[{"embeddable":true,"href":"https:\/\/maricatotal.com.br\/site\/wp-json\/wp\/v2\/comments?post=49369"}],"version-history":[{"count":2,"href":"https:\/\/maricatotal.com.br\/site\/wp-json\/wp\/v2\/posts\/49369\/revisions"}],"predecessor-version":[{"id":49371,"href":"https:\/\/maricatotal.com.br\/site\/wp-json\/wp\/v2\/posts\/49369\/revisions\/49371"}],"wp:featuredmedia":[{"embeddable":true,"href":"https:\/\/maricatotal.com.br\/site\/wp-json\/wp\/v2\/media\/49368"}],"wp:attachment":[{"href":"https:\/\/maricatotal.com.br\/site\/wp-json\/wp\/v2\/media?parent=49369"}],"wp:term":[{"taxonomy":"category","embeddable":true,"href":"https:\/\/maricatotal.com.br\/site\/wp-json\/wp\/v2\/categories?post=49369"},{"taxonomy":"post_tag","embeddable":true,"href":"https:\/\/maricatotal.com.br\/site\/wp-json\/wp\/v2\/tags?post=49369"}],"curies":[{"name":"wp","href":"https:\/\/api.w.org\/{rel}","templated":true}]}}