{"id":49517,"date":"2023-04-08T19:04:20","date_gmt":"2023-04-08T22:04:20","guid":{"rendered":"https:\/\/maricatotal.com.br\/site\/?p=49517"},"modified":"2023-04-30T22:45:23","modified_gmt":"2023-05-01T01:45:23","slug":"pascoa-encantada-recebe-centenas-de-criancas-no-primeiro-dia-em-marica","status":"publish","type":"post","link":"https:\/\/maricatotal.com.br\/site\/2023\/04\/08\/pascoa-encantada-recebe-centenas-de-criancas-no-primeiro-dia-em-marica\/","title":{"rendered":"P\u00e1scoa Encantada recebe centenas de crian\u00e7as no primeiro dia em Maric\u00e1"},"content":{"rendered":"\n<p>Centenas de crian\u00e7as aproveitaram o primeiro dia da P\u00e1scoa Encantada, que contou com diversas atividades como oficinas art\u00edsticas, recrea\u00e7\u00e3o infantil, presen\u00e7a dos coelhos da alegria e oficina de montagem de Ovos de P\u00e1scoa, neste s\u00e1bado (08\/04), na Pra\u00e7a Orlando de Barros Pimentel, no Centro. O evento realizado pela Prefeitura de Maric\u00e1, por meio das secretarias de Cultura e de Turismo, acontece tamb\u00e9m neste domingo (09\/04) no Centro (Pra\u00e7a Orlando de Barros Pimentel) e em Itaipua\u00e7u (Pra\u00e7a do Ferreirinha), das 12h \u00e0s 20h.<\/p>\n\n\n\n<p>Nem mesmo a chuva impediu os pais e respons\u00e1veis de levarem as crian\u00e7as para conhecerem o coelhinho da P\u00e1scoa e participarem das atividades. Olair Santos, av\u00f4 da pequena Lara, de 6 anos, aprovou o evento e disse que vai voltar tamb\u00e9m no domingo. \u201cA Lara participou da oficina de pintura, criou sua pr\u00f3pria m\u00e1scara e fez pintura no rosto. Ela adorou os coelhinhos, j\u00e1 fez at\u00e9 o pedido dos ovos que ela quer. Foi tudo muito legal\u201d, contou.<br><\/p>\n\n\n\n<p>Luiza Santos, de 34 anos, levou seu filho Rafael, de 4 anos, para participar das oficinas e assistir ao espet\u00e1culo teatral \u201cEsse Coelho \u00e9 o Cara\u201d. \u201cA pe\u00e7a traz a hist\u00f3ria do Coelhinho e da F\u00e1brica de Chocolate. Ele est\u00e1 amando e nem olha para o lado\u201d, disse entusiasmada.<br><\/p>\n\n\n\n<p>As cantigas cantadas e hist\u00f3rias contadas por Yure Silva e Juliana Werneck tamb\u00e9m empolgaram o p\u00fablico que foi prestigiar a P\u00e1scoa Encantada.<br><\/p>\n\n\n\n<p>Programa\u00e7\u00e3o continua no Domingo de P\u00e1scoa \u00a0<br>No Domingo de P\u00e1scoa (09\/04), as atividades acontecem a partir das 12h, com oficinas art\u00edsticas, recrea\u00e7\u00e3o infantil, al\u00e9m da presen\u00e7a do amigo coelhinho para alegrar a crian\u00e7ada. A partir das 16h, haver\u00e1 o mon\u00f3logo com apresenta\u00e7\u00e3o da verdadeira hist\u00f3ria do Coelhinho da P\u00e1scoa. \u00c0s 17h, ser\u00e1 a vez da apresenta\u00e7\u00e3o de dan\u00e7a de rua com os alunos do Centro de Artes e Esportes Unificados (CEU) e tamb\u00e9m do M\u00e1gico Dragon e do boneco Trancinha. A cantora Dalva Alves encerrar\u00e1 o evento com o repert\u00f3rio de m\u00fasicas infantis.<br><\/p>\n\n\n\n<p>Assim como o Natal Iluminado de Maric\u00e1, a P\u00e1scoa Encantada foi inspirada no tradicional evento que acontece na cidade de Gramado, no Rio Grande do Sul.<\/p>\n\n\n\n<p><strong>Servi\u00e7o<\/strong>:<\/p>\n\n\n\n<p><strong>P\u00e1scoa Encantada de Maric\u00e1<\/strong><br>Data: Domingo (09\/04)<br>Locais: Pra\u00e7a Orlando de Barros Pimentel (Centro) e Pra\u00e7a do Ferreirinha (Itaipua\u00e7u)<br>Hor\u00e1rio: das 12h \u00e0s 20h<br>\u00a0<br><strong>Programa\u00e7\u00e3o Centro de Maric\u00e1<\/strong><br>Domingo (09\/04)<br>12h \u00e0s 20h \u2013 Oficinas art\u00edsticas e recrea\u00e7\u00e3o infantil<br>12h \u00e0s 16h \u2013 Presen\u00e7a do Amigo Coelhinho<br>16h \u2013 Mon\u00f3logo: A verdadeira hist\u00f3ria do Coelhinho da P\u00e1scoa<br>17h \u2013 Dan\u00e7a de Rua com os alunos do CEU + M\u00e1gico Dragon e boneco Trancinha<br>18h \u2013 M\u00fasicas Infantis com Dalva Alves<br>\u00a0<br><strong>Programa\u00e7\u00e3o de Itaipua\u00e7u<\/strong><br>Domingo (09\/04)<br>12h \u00e0s 20h \u2013 Oficinas art\u00edsticas e recrea\u00e7\u00e3o infantil<br>12h \u00e0s 16h \u2013 Presen\u00e7a dos Coelhos da Alegria<br>12h \u00e0s 16h \u2013 Oficinas de Montagem de Ovos de P\u00e1scoa<br>16h \u2013 Espet\u00e1culo teatral \u2013 Esse Coelho \u00e9 o Cara<br>17h \u2013 Hor\u00e1rio para fotos com o Elenco da pe\u00e7a Esse Coelho \u00e9 o Cara<br>18h \u2013 Cantigas e Hist\u00f3rias com Yure Silva e Julia Werneck<\/p>\n\n\n\n<figure class=\"wp-block-image size-large\"><img loading=\"lazy\" decoding=\"async\" width=\"1024\" height=\"682\" src=\"https:\/\/maricatotal.com.br\/site\/wp-content\/uploads\/2023\/04\/WhatsApp-Image-2023-04-08-at-17.00.04-1024x682.jpeg\" alt=\"\" class=\"wp-image-49512\" srcset=\"https:\/\/maricatotal.com.br\/site\/wp-content\/uploads\/2023\/04\/WhatsApp-Image-2023-04-08-at-17.00.04-1024x682.jpeg 1024w, https:\/\/maricatotal.com.br\/site\/wp-content\/uploads\/2023\/04\/WhatsApp-Image-2023-04-08-at-17.00.04-300x200.jpeg 300w, https:\/\/maricatotal.com.br\/site\/wp-content\/uploads\/2023\/04\/WhatsApp-Image-2023-04-08-at-17.00.04-768x512.jpeg 768w, https:\/\/maricatotal.com.br\/site\/wp-content\/uploads\/2023\/04\/WhatsApp-Image-2023-04-08-at-17.00.04-1536x1023.jpeg 1536w, https:\/\/maricatotal.com.br\/site\/wp-content\/uploads\/2023\/04\/WhatsApp-Image-2023-04-08-at-17.00.04.jpeg 1600w\" sizes=\"auto, (max-width: 1024px) 100vw, 1024px\" \/><figcaption class=\"wp-element-caption\">Foto: Anselmo<\/figcaption><\/figure>\n\n\n\n<figure class=\"wp-block-image\"><img loading=\"lazy\" decoding=\"async\" width=\"1024\" height=\"682\" src=\"https:\/\/maricatotal.com.br\/site\/wp-content\/uploads\/2023\/04\/WhatsApp-Image-2023-04-08-at-17.00.05-1-1024x682.jpeg\" alt=\"\" class=\"wp-image-49513\" srcset=\"https:\/\/maricatotal.com.br\/site\/wp-content\/uploads\/2023\/04\/WhatsApp-Image-2023-04-08-at-17.00.05-1-1024x682.jpeg 1024w, https:\/\/maricatotal.com.br\/site\/wp-content\/uploads\/2023\/04\/WhatsApp-Image-2023-04-08-at-17.00.05-1-300x200.jpeg 300w, https:\/\/maricatotal.com.br\/site\/wp-content\/uploads\/2023\/04\/WhatsApp-Image-2023-04-08-at-17.00.05-1-768x512.jpeg 768w, https:\/\/maricatotal.com.br\/site\/wp-content\/uploads\/2023\/04\/WhatsApp-Image-2023-04-08-at-17.00.05-1-1536x1023.jpeg 1536w, https:\/\/maricatotal.com.br\/site\/wp-content\/uploads\/2023\/04\/WhatsApp-Image-2023-04-08-at-17.00.05-1.jpeg 1600w\" sizes=\"auto, (max-width: 1024px) 100vw, 1024px\" \/><\/figure>\n\n\n\n<figure class=\"wp-block-image\"><img loading=\"lazy\" decoding=\"async\" width=\"1024\" height=\"682\" src=\"https:\/\/maricatotal.com.br\/site\/wp-content\/uploads\/2023\/04\/WhatsApp-Image-2023-04-08-at-17.00.06-1-1024x682.jpeg\" alt=\"\" class=\"wp-image-49514\" srcset=\"https:\/\/maricatotal.com.br\/site\/wp-content\/uploads\/2023\/04\/WhatsApp-Image-2023-04-08-at-17.00.06-1-1024x682.jpeg 1024w, https:\/\/maricatotal.com.br\/site\/wp-content\/uploads\/2023\/04\/WhatsApp-Image-2023-04-08-at-17.00.06-1-300x200.jpeg 300w, https:\/\/maricatotal.com.br\/site\/wp-content\/uploads\/2023\/04\/WhatsApp-Image-2023-04-08-at-17.00.06-1-768x512.jpeg 768w, https:\/\/maricatotal.com.br\/site\/wp-content\/uploads\/2023\/04\/WhatsApp-Image-2023-04-08-at-17.00.06-1-1536x1023.jpeg 1536w, https:\/\/maricatotal.com.br\/site\/wp-content\/uploads\/2023\/04\/WhatsApp-Image-2023-04-08-at-17.00.06-1.jpeg 1600w\" sizes=\"auto, (max-width: 1024px) 100vw, 1024px\" \/><\/figure>\n\n\n\n<figure class=\"wp-block-image\"><img loading=\"lazy\" decoding=\"async\" width=\"1024\" height=\"682\" src=\"https:\/\/maricatotal.com.br\/site\/wp-content\/uploads\/2023\/04\/WhatsApp-Image-2023-04-08-at-17.00.09-1-1024x682.jpeg\" alt=\"\" class=\"wp-image-49515\" srcset=\"https:\/\/maricatotal.com.br\/site\/wp-content\/uploads\/2023\/04\/WhatsApp-Image-2023-04-08-at-17.00.09-1-1024x682.jpeg 1024w, https:\/\/maricatotal.com.br\/site\/wp-content\/uploads\/2023\/04\/WhatsApp-Image-2023-04-08-at-17.00.09-1-300x200.jpeg 300w, https:\/\/maricatotal.com.br\/site\/wp-content\/uploads\/2023\/04\/WhatsApp-Image-2023-04-08-at-17.00.09-1-768x512.jpeg 768w, https:\/\/maricatotal.com.br\/site\/wp-content\/uploads\/2023\/04\/WhatsApp-Image-2023-04-08-at-17.00.09-1-1536x1023.jpeg 1536w, https:\/\/maricatotal.com.br\/site\/wp-content\/uploads\/2023\/04\/WhatsApp-Image-2023-04-08-at-17.00.09-1.jpeg 1600w\" sizes=\"auto, (max-width: 1024px) 100vw, 1024px\" \/><\/figure>\n","protected":false},"excerpt":{"rendered":"<p>Centenas de crian\u00e7as aproveitaram o primeiro dia da P\u00e1scoa Encantada, que contou com diversas atividades como oficinas art\u00edsticas, recrea\u00e7\u00e3o infantil,<\/p>\n","protected":false},"author":1,"featured_media":49516,"comment_status":"open","ping_status":"open","sticky":false,"template":"","format":"standard","meta":{"colormag_page_container_layout":"default_layout","colormag_page_sidebar_layout":"default_layout","footnotes":""},"categories":[18],"tags":[],"class_list":["post-49517","post","type-post","status-publish","format-standard","has-post-thumbnail","hentry","category-entretenimento"],"amp_enabled":true,"_links":{"self":[{"href":"https:\/\/maricatotal.com.br\/site\/wp-json\/wp\/v2\/posts\/49517","targetHints":{"allow":["GET"]}}],"collection":[{"href":"https:\/\/maricatotal.com.br\/site\/wp-json\/wp\/v2\/posts"}],"about":[{"href":"https:\/\/maricatotal.com.br\/site\/wp-json\/wp\/v2\/types\/post"}],"author":[{"embeddable":true,"href":"https:\/\/maricatotal.com.br\/site\/wp-json\/wp\/v2\/users\/1"}],"replies":[{"embeddable":true,"href":"https:\/\/maricatotal.com.br\/site\/wp-json\/wp\/v2\/comments?post=49517"}],"version-history":[{"count":1,"href":"https:\/\/maricatotal.com.br\/site\/wp-json\/wp\/v2\/posts\/49517\/revisions"}],"predecessor-version":[{"id":49518,"href":"https:\/\/maricatotal.com.br\/site\/wp-json\/wp\/v2\/posts\/49517\/revisions\/49518"}],"wp:featuredmedia":[{"embeddable":true,"href":"https:\/\/maricatotal.com.br\/site\/wp-json\/wp\/v2\/media\/49516"}],"wp:attachment":[{"href":"https:\/\/maricatotal.com.br\/site\/wp-json\/wp\/v2\/media?parent=49517"}],"wp:term":[{"taxonomy":"category","embeddable":true,"href":"https:\/\/maricatotal.com.br\/site\/wp-json\/wp\/v2\/categories?post=49517"},{"taxonomy":"post_tag","embeddable":true,"href":"https:\/\/maricatotal.com.br\/site\/wp-json\/wp\/v2\/tags?post=49517"}],"curies":[{"name":"wp","href":"https:\/\/api.w.org\/{rel}","templated":true}]}}