{"id":49688,"date":"2023-04-17T11:01:53","date_gmt":"2023-04-17T14:01:53","guid":{"rendered":"https:\/\/maricatotal.com.br\/site\/?p=49688"},"modified":"2023-04-30T22:56:29","modified_gmt":"2023-05-01T01:56:29","slug":"deputado-renato-machado-cobra-que-a-aneel-fiscalize-a-enel-de-marica","status":"publish","type":"post","link":"https:\/\/maricatotal.com.br\/site\/2023\/04\/17\/deputado-renato-machado-cobra-que-a-aneel-fiscalize-a-enel-de-marica\/","title":{"rendered":"Deputado Renato Machado cobra que a Aneel fiscalize a Enel de Maric\u00e1"},"content":{"rendered":"\n<p>Na Sexta-Feira dia 14 de Abril de 2023 o Deputado participou de uma audi\u00eancia p\u00fablica para discutir o fornecimento de energia el\u00e9trica pelas empresas Enel e Light na Assembleia Legislativa do Estado do Rio de Janeiro (Alerj).<br>Na audi\u00eancia o deputado maricaense cobrou que a Ag\u00eancia Nacional de Energia El\u00e9trica (Aneel) fiscalize a concession\u00e1ria que \u00e9 respons\u00e1vel pela luz da cidade de Maric\u00e1 e pediu para que a ag\u00eancia melhore a fiscaliza\u00e7\u00e3o da qualidade dos servi\u00e7os prestados pela empresa.<br>Muita reclama\u00e7\u00e3,a falta de aviso pr\u00e9vio para os cortes de luz, mesmo com lei estadual que trata deste assunto.Um dos pontos principais foram esse. A forma que as empresas tratam a popula\u00e7\u00e3o \u00e9 muito desumana. Em Maric\u00e1, por exemplo, s\u00f3 h\u00e1 um local de atendimento da empresa\u201d, disse o deputado.<\/p>\n","protected":false},"excerpt":{"rendered":"<p>Na Sexta-Feira dia 14 de Abril de 2023 o Deputado participou de uma audi\u00eancia p\u00fablica para discutir o fornecimento de<\/p>\n","protected":false},"author":1,"featured_media":49690,"comment_status":"open","ping_status":"open","sticky":false,"template":"","format":"standard","meta":{"colormag_page_container_layout":"default_layout","colormag_page_sidebar_layout":"default_layout","footnotes":""},"categories":[1],"tags":[],"class_list":["post-49688","post","type-post","status-publish","format-standard","has-post-thumbnail","hentry","category-noticias"],"amp_enabled":true,"_links":{"self":[{"href":"https:\/\/maricatotal.com.br\/site\/wp-json\/wp\/v2\/posts\/49688","targetHints":{"allow":["GET"]}}],"collection":[{"href":"https:\/\/maricatotal.com.br\/site\/wp-json\/wp\/v2\/posts"}],"about":[{"href":"https:\/\/maricatotal.com.br\/site\/wp-json\/wp\/v2\/types\/post"}],"author":[{"embeddable":true,"href":"https:\/\/maricatotal.com.br\/site\/wp-json\/wp\/v2\/users\/1"}],"replies":[{"embeddable":true,"href":"https:\/\/maricatotal.com.br\/site\/wp-json\/wp\/v2\/comments?post=49688"}],"version-history":[{"count":1,"href":"https:\/\/maricatotal.com.br\/site\/wp-json\/wp\/v2\/posts\/49688\/revisions"}],"predecessor-version":[{"id":49691,"href":"https:\/\/maricatotal.com.br\/site\/wp-json\/wp\/v2\/posts\/49688\/revisions\/49691"}],"wp:featuredmedia":[{"embeddable":true,"href":"https:\/\/maricatotal.com.br\/site\/wp-json\/wp\/v2\/media\/49690"}],"wp:attachment":[{"href":"https:\/\/maricatotal.com.br\/site\/wp-json\/wp\/v2\/media?parent=49688"}],"wp:term":[{"taxonomy":"category","embeddable":true,"href":"https:\/\/maricatotal.com.br\/site\/wp-json\/wp\/v2\/categories?post=49688"},{"taxonomy":"post_tag","embeddable":true,"href":"https:\/\/maricatotal.com.br\/site\/wp-json\/wp\/v2\/tags?post=49688"}],"curies":[{"name":"wp","href":"https:\/\/api.w.org\/{rel}","templated":true}]}}