{"id":49698,"date":"2023-04-18T07:40:19","date_gmt":"2023-04-18T10:40:19","guid":{"rendered":"https:\/\/maricatotal.com.br\/site\/?p=49698"},"modified":"2023-04-30T22:56:35","modified_gmt":"2023-05-01T01:56:35","slug":"vereador-aldair-faz-solicitacao-para-presenca-da-guarda-municipal-nas-escolas-de-marica","status":"publish","type":"post","link":"https:\/\/maricatotal.com.br\/site\/2023\/04\/18\/vereador-aldair-faz-solicitacao-para-presenca-da-guarda-municipal-nas-escolas-de-marica\/","title":{"rendered":"Vereador Aldair faz solicita\u00e7\u00e3o para presen\u00e7a da Guarda Municipal nas escolas de Maric\u00e1"},"content":{"rendered":"\n<p>O vereador Aldair de Linda fez uma solicita\u00e7\u00e3o para que tenha a presen\u00e7a de guardas municipais em todas as escolas de Maric\u00e1 na manh\u00e3 desta segunda-feira, 17, na Sess\u00e3o Ordin\u00e1ria, na C\u00e2mara Municipal.<br>O vereador Frisou a import\u00e2ncia de ser mantida a seguran\u00e7a dos alunos e profissionais de educa\u00e7\u00e3o em todas as escolas de Maric\u00e1.<br>A solicita\u00e7\u00e3o foi apoiada pela maioria dos vereadores presentes na sess\u00e3o,que seguem discutindo sobre melhorias para as escolas de Maric\u00e1.<br>A gest\u00e3o municipal de Maric\u00e1 come\u00e7ou um projeto onde os guardas municipais j\u00e1 seguem atuando nas escolas, inicialmente em apenas 10 unidades. Caso a indica\u00e7\u00e3o seja aprovada, todas unidades ter\u00e3o a presen\u00e7a dos guardas.<\/p>\n","protected":false},"excerpt":{"rendered":"<p>O vereador Aldair de Linda fez uma solicita\u00e7\u00e3o para que tenha a presen\u00e7a de guardas municipais em todas as escolas<\/p>\n","protected":false},"author":1,"featured_media":49699,"comment_status":"open","ping_status":"open","sticky":false,"template":"","format":"standard","meta":{"colormag_page_container_layout":"default_layout","colormag_page_sidebar_layout":"default_layout","footnotes":""},"categories":[1],"tags":[],"class_list":["post-49698","post","type-post","status-publish","format-standard","has-post-thumbnail","hentry","category-noticias"],"amp_enabled":true,"_links":{"self":[{"href":"https:\/\/maricatotal.com.br\/site\/wp-json\/wp\/v2\/posts\/49698","targetHints":{"allow":["GET"]}}],"collection":[{"href":"https:\/\/maricatotal.com.br\/site\/wp-json\/wp\/v2\/posts"}],"about":[{"href":"https:\/\/maricatotal.com.br\/site\/wp-json\/wp\/v2\/types\/post"}],"author":[{"embeddable":true,"href":"https:\/\/maricatotal.com.br\/site\/wp-json\/wp\/v2\/users\/1"}],"replies":[{"embeddable":true,"href":"https:\/\/maricatotal.com.br\/site\/wp-json\/wp\/v2\/comments?post=49698"}],"version-history":[{"count":1,"href":"https:\/\/maricatotal.com.br\/site\/wp-json\/wp\/v2\/posts\/49698\/revisions"}],"predecessor-version":[{"id":49700,"href":"https:\/\/maricatotal.com.br\/site\/wp-json\/wp\/v2\/posts\/49698\/revisions\/49700"}],"wp:featuredmedia":[{"embeddable":true,"href":"https:\/\/maricatotal.com.br\/site\/wp-json\/wp\/v2\/media\/49699"}],"wp:attachment":[{"href":"https:\/\/maricatotal.com.br\/site\/wp-json\/wp\/v2\/media?parent=49698"}],"wp:term":[{"taxonomy":"category","embeddable":true,"href":"https:\/\/maricatotal.com.br\/site\/wp-json\/wp\/v2\/categories?post=49698"},{"taxonomy":"post_tag","embeddable":true,"href":"https:\/\/maricatotal.com.br\/site\/wp-json\/wp\/v2\/tags?post=49698"}],"curies":[{"name":"wp","href":"https:\/\/api.w.org\/{rel}","templated":true}]}}