{"id":49733,"date":"2023-04-19T11:56:12","date_gmt":"2023-04-19T14:56:12","guid":{"rendered":"https:\/\/maricatotal.com.br\/site\/?p=49733"},"modified":"2023-04-30T23:01:00","modified_gmt":"2023-05-01T02:01:00","slug":"pre-enem-popular-em-marica-chega-aproximadamente-a-500-inscritos-em-24-horas-a-prefeitura-de-marica-recebeu-500-inscricoes-para-a-8a-edicao-do-pre-enem-popular-iara-iavelberg-2023-este-curso-preparat","status":"publish","type":"post","link":"https:\/\/maricatotal.com.br\/site\/2023\/04\/19\/pre-enem-popular-em-marica-chega-aproximadamente-a-500-inscritos-em-24-horas-a-prefeitura-de-marica-recebeu-500-inscricoes-para-a-8a-edicao-do-pre-enem-popular-iara-iavelberg-2023-este-curso-preparat\/","title":{"rendered":"Pr\u00e9 Enem popular em Maric\u00e1 chega aproximadamente a 500 inscritos."},"content":{"rendered":"\n<p>Resultado do Pr\u00e9-Enem Popular.<\/p>\n\n\n\n<p>85 alunos participantes nesse ano do Pr\u00e9-Enem Popular Iara Iavelberg conquistaram vagas nas principais institui\u00e7\u00f5es p\u00fablicas do pa\u00eds, ap\u00f3s realizarem o Exame Nacional do Ensino M\u00e9dio (Enem). Ao todo, 29 foram aprovados na Universidade Federal Fluminense (UFF), 12 na Universidade Federal do Rio de Janeiro (UFRJ), al\u00e9m de classifica\u00e7\u00f5es na Universidade Federal do Estado do Rio de Janeiro (UniRio), Instituto Federal do Rio de Janeiro (IFRJ), entre outras institui\u00e7\u00f5es p\u00fablicas de ensino.<\/p>\n\n\n\n<p>Em 24 horas a prefeitura de Maric\u00e1 recebeu 500 inscri\u00e7\u00f5es para a 8\u00aa edi\u00e7\u00e3o do Pr\u00e9-Enem Popular Iara Iavelberg 2023, este curso preparat\u00f3rio \u00e9 oferecido gratuitamente pela Secretaria de Educa\u00e7\u00e3o. Ao todo, duas mil vagas s\u00e3o oferecidas e as inscri\u00e7\u00f5es, abertas desde segunda-feira (17\/04), devem ser efetuadas at\u00e9 o dia 2 de maio pelo link: https:\/\/forms.gle\/ZJHL3FDeQTFra5CE6. As entrevistas presenciais acontecem de 8 a 20 de maio e o in\u00edcio das aulas est\u00e1 previsto para o dia 23 de maio.Entrando no link, interessado precisa inserir e-mail, nome completo e responder um question\u00e1rio informando se j\u00e1 foi aluno de algum dos cursos preparat\u00f3rios oferecidos, como o Pr\u00e9-Enem Popular, Pr\u00e9-Uerj, Pr\u00e9-IFF, se \u00e9 morador de Maric\u00e1 e qual bairro. O candidato deve incluir tamb\u00e9m o n\u00famero do telefone, CPF, se tem alguma defici\u00eancia, entre outras informa\u00e7\u00f5es.Essa edi\u00e7\u00e3o do Pr\u00e9-Enem vai ser a maior da hist\u00f3ria, depois de 8 anos de investimento da prefeitura em aprova\u00e7\u00f5es de alunos para universidades p\u00fablicas federais e estaduais de todo o pa\u00eds. Estou muito empolgado, com mais de 500 inscri\u00e7\u00f5es s\u00f3 no primeiro dia\u201d, disse o coordenador-geral do Pr\u00e9-Enem Popular, William Campos.O curso \u00e9 oferecido de forma h\u00edbrida, com aulas online transmitidas ao vivo nas noites de segunda e quarta-feira no canal do YouTube (https:\/\/youtube.com\/@pre-enempopulariaraiavelbe8700). J\u00e1 no m\u00f3dulo presencial, as aulas acontecem \u00e0s ter\u00e7as e quintas-feiras, tamb\u00e9m \u00e0 noite, em quatro polos do munic\u00edpio: Escola Municipal Carlos Magno Legentil de Mattos (Centro); Escola Municipal Caic Elomir Silva (S\u00e3o Jos\u00e9 do Imbassa\u00ed); Escola Municipal Vereador Aniceto Elias (Polo Ino\u00e3) e Escola Municipal An\u00edsio Teixeira (Itaipua\u00e7u).Todos os Alunos do curso receberam atendimento individual e personalizado por meio do WhatsApp, professora particular de reda\u00e7\u00e3o, corre\u00e7\u00e3o, orienta\u00e7\u00e3o psicol\u00f3gica, simulados e teste vocacional.<\/p>\n","protected":false},"excerpt":{"rendered":"<p>Resultado do Pr\u00e9-Enem Popular. 85 alunos participantes nesse ano do Pr\u00e9-Enem Popular Iara Iavelberg conquistaram vagas nas principais institui\u00e7\u00f5es p\u00fablicas<\/p>\n","protected":false},"author":1,"featured_media":49734,"comment_status":"open","ping_status":"open","sticky":false,"template":"","format":"standard","meta":{"colormag_page_container_layout":"default_layout","colormag_page_sidebar_layout":"default_layout","footnotes":""},"categories":[1],"tags":[],"class_list":["post-49733","post","type-post","status-publish","format-standard","has-post-thumbnail","hentry","category-noticias"],"amp_enabled":true,"_links":{"self":[{"href":"https:\/\/maricatotal.com.br\/site\/wp-json\/wp\/v2\/posts\/49733","targetHints":{"allow":["GET"]}}],"collection":[{"href":"https:\/\/maricatotal.com.br\/site\/wp-json\/wp\/v2\/posts"}],"about":[{"href":"https:\/\/maricatotal.com.br\/site\/wp-json\/wp\/v2\/types\/post"}],"author":[{"embeddable":true,"href":"https:\/\/maricatotal.com.br\/site\/wp-json\/wp\/v2\/users\/1"}],"replies":[{"embeddable":true,"href":"https:\/\/maricatotal.com.br\/site\/wp-json\/wp\/v2\/comments?post=49733"}],"version-history":[{"count":2,"href":"https:\/\/maricatotal.com.br\/site\/wp-json\/wp\/v2\/posts\/49733\/revisions"}],"predecessor-version":[{"id":49748,"href":"https:\/\/maricatotal.com.br\/site\/wp-json\/wp\/v2\/posts\/49733\/revisions\/49748"}],"wp:featuredmedia":[{"embeddable":true,"href":"https:\/\/maricatotal.com.br\/site\/wp-json\/wp\/v2\/media\/49734"}],"wp:attachment":[{"href":"https:\/\/maricatotal.com.br\/site\/wp-json\/wp\/v2\/media?parent=49733"}],"wp:term":[{"taxonomy":"category","embeddable":true,"href":"https:\/\/maricatotal.com.br\/site\/wp-json\/wp\/v2\/categories?post=49733"},{"taxonomy":"post_tag","embeddable":true,"href":"https:\/\/maricatotal.com.br\/site\/wp-json\/wp\/v2\/tags?post=49733"}],"curies":[{"name":"wp","href":"https:\/\/api.w.org\/{rel}","templated":true}]}}