{"id":49926,"date":"2023-04-25T13:04:51","date_gmt":"2023-04-25T16:04:51","guid":{"rendered":"https:\/\/maricatotal.com.br\/site\/?p=49926"},"modified":"2023-04-30T23:06:27","modified_gmt":"2023-05-01T02:06:27","slug":"marica-sedia-2o-seminario-municipal-de-praticas-integrativas-e-complementares-de-saude","status":"publish","type":"post","link":"https:\/\/maricatotal.com.br\/site\/2023\/04\/25\/marica-sedia-2o-seminario-municipal-de-praticas-integrativas-e-complementares-de-saude\/","title":{"rendered":"Maric\u00e1 sedia 2\u00ba Semin\u00e1rio Municipal de Pr\u00e1ticas Integrativas e Complementares de Sa\u00fade"},"content":{"rendered":"<div class=\"postie-post\">\n<div dir=\"ltr\">\n<div class=\"gmail_quote\">\n<div dir=\"ltr\">\n<div><i>Evento acontece no pr\u00f3ximo dia 08\/05, reunindo profissionais e estudantes da \u00e1rea para debates sobre o uso de plantas medicinais, fitoter\u00e1picos e florais<\/i><\/p>\n<p>Maric\u00e1 vai sediar, no pr\u00f3ximo dia 08\/05, o 2\u00ba Semin\u00e1rio Municipal de Pr\u00e1ticas Integrativas e Complementares de Sa\u00fade (PICS), evento promovido pela Faculdade de Ci\u00eancias M\u00e9dicas da Universidade de Vassouras, com apoio da Secretaria de Sa\u00fade de Maric\u00e1. O encontro acontece das 8h30 \u00e0s 17h, no Espa\u00e7o M&amp;R Premium, no Condado, e abordar\u00e1 as potencialidades das plantas medicinais, produtos fitoter\u00e1picos e florais, qualificando profissionais e estudantes da \u00e1rea, al\u00e9m de dialogar sobre novas perspectivas de oferta desses servi\u00e7os no Sistema \u00danico de Sa\u00fade (SUS).<\/p>\n<p>O evento faz parte do projeto \u201cSa\u00fade em Extens\u00e3o: da Universidade \u00e0 Comunidade\u201d, desenvolvido entre o N\u00facleo de Educa\u00e7\u00e3o Permanente da Secretaria Municipal de Sa\u00fade (Neps) \u00a0e a Universidade de Vassouras. O semin\u00e1rio municipal tamb\u00e9m conta com o apoio da Secretaria de Agricultura, Pecu\u00e1ria e Pesca (Secapp) e da iniciativa Farmacopeia Marik\u2019\u00e1 \u2014 parceria entre a Universidade Federal Rural do Rio de Janeiro (UFRRJ), a Codemar e a Biotec Maric\u00e1.<\/p>\n<p>Para participar como ouvinte, \u00e9 necess\u00e1rio preencher um formul\u00e1rio, dispon\u00edvel no link <a href=\"http:\/\/bit.ly\/43MM29N\" target=\"_blank\" rel=\"noopener\">bit.ly\/43MM29N<\/a>. Para aqueles que desejam apresentar experi\u00eancias exitosas e trabalhos cient\u00edficos relacionados \u00e0s PICS, \u00e9 preciso se inscrever no link <a href=\"https:\/\/bit.ly\/43Js8wv\" target=\"_blank\" rel=\"noopener\">https:\/\/bit.ly\/43Js8wv<\/a> . As inscri\u00e7\u00f5es v\u00e3o at\u00e9 esta sexta-feira (28\/04) e o resultado dos trabalhos aprovados ser\u00e1 divulgado no dia 03\/05, pelo e-mail cadastrado.<\/p>\n<p>O professor doutor Raphael Dias, um dos respons\u00e1veis pela organiza\u00e7\u00e3o do evento e coordenador de ensino e pesquisa do Neps, ressaltou o papel da iniciativa para o fortalecimento das PICS, por meio da integra\u00e7\u00e3o e de di\u00e1logos plurais.<\/p>\n<p>&#8220;O semin\u00e1rio ser\u00e1 um excelente espa\u00e7o para o compartilhamento de saberes e o desenvolvimento das PICS no munic\u00edpio. Isso sensibiliza e qualifica os trabalhadores, ajudando tamb\u00e9m a identificar experi\u00eancias exitosas na rede de sa\u00fade, al\u00e9m de pesquisas e produ\u00e7\u00f5es cient\u00edficas nessa \u00e1rea. Maric\u00e1 est\u00e1 alinhada \u00e0s boas pr\u00e1ticas de sa\u00fade e cuidado, tendo inclusive uma lei municipal que regulamenta as PICS&#8221;, destacou. <\/p>\n<p>A professora doutora Magda Medeiros, pesquisadora da UFFRJ e parte do Farmacopeia Marik\u2019\u00e1, destacou a import\u00e2ncia do projeto para o cotidiano do munic\u00edpio e sua proximidade com a tem\u00e1tica do evento.<\/p>\n<p>\u201cA Farmacopeia Marik\u2019\u00e1 busca o desenvolvimento da cidade pela produ\u00e7\u00e3o de plantas medicinais e fitoter\u00e1picos. O projeto passa pelo reconhecimento dos conhecimentos tradicionais, desenvolvimento do polo local, controle de qualidade e produ\u00e7\u00e3o de \u00f3leos essenciais. Al\u00e9m disso, facilitaremos o acesso a plantas medicinais e fitoter\u00e1picos com a capacita\u00e7\u00e3o de profissionais de sa\u00fade que atuam nos servi\u00e7os do SUS do munic\u00edpio, incluindo de n\u00edvel superior, t\u00e9cnico e m\u00e9dio\u201d, acrescentou.<br \/>\u00a0<br \/><b>Programa\u00e7\u00e3o<\/b><\/p>\n<p>8h30: Credenciamento<\/p>\n<p>9h: Mesa de abertura, com Shirley Linhares, superintendente de Aten\u00e7\u00e3o Prim\u00e1ria da Funda\u00e7\u00e3o Estatal de Sa\u00fade de Maric\u00e1 (Femar); a Profa. Dra. Magda Alves de Medeiros, pesquisadora da UFRRJ; o Prof. Dr. Raphael Dias, do Neps e da Faculdade de Ci\u00eancias M\u00e9dicas de Maric\u00e1 da Universidade de Vassouras.<\/p>\n<p>9h30: Confer\u00eancia de abertura: &#8220;Semeando o cuidado: cultivando sa\u00fade com plantas medicinais e fitoter\u00e1picos&#8221;, com a Profa. Dra. Leila Mattos, do Centro de Sa\u00fade Escola Germano Sinval Faria (CSEGSF) e da Escola Nacional de Sa\u00fade P\u00fablica (Ensp) da Fiocruz.<\/p>\n<p>10h30: Mesa tem\u00e1tica &#8211; \u201cPlantas Medicinais e fitoterapia: pr\u00e1ticas integrais de aten\u00e7\u00e3o e cuidado em sa\u00fade no SUS\u201d, com a Profa. Dra. Vanessa da Silva Tavares Rodrigues, da Universidade de Vassouras; a Profa. Dra. Isabela Teixeira Bonomo, da Universidade de Vassouras; o Prof. Dr. Ricardo Diego Galhardo de Albuquerque, da Universidade Nacional de Trujillo, no Peru. Moderadora: Profa. Dra. Aline D&#39;\u00e1vila Pereira, da Faculdade de Ci\u00eancias M\u00e9dicas da Universidade de Vassouras (campus Maric\u00e1).<\/p>\n<p>11h: Mesa redonda: \u201cAtua\u00e7\u00e3o profissional com as PICS no SUS &#8211; forma\u00e7\u00e3o, possibilidades e limites\u201d, com o Prof. Dr.\u00a0 Raphael Dias, do Neps e da Faculdade de Ci\u00eancias M\u00e9dicas de Maric\u00e1 da Universidade de Vassouras; a Profa. Dra. Vanessa Bastos, da Faculdade de Ci\u00eancias M\u00e9dicas de Maric\u00e1 da Universidade de Vassouras; e Luiz Felipe Velinho, mestre e enfermeiro da cidade. Moderadora: Prof\u00aa Dra. Carla Caroline Franzine de Souza, da UFRRJ.<\/p>\n<p>13h30: Mesa Digital: \u201cFlorais e fitoterapia da sa\u00fade humana \u00e0 sa\u00fade animal no SUS\u201d. Luciana Chammas, educadora, terapeuta floral e diretora da Healing Ess\u00eancias Florais; Talita Margonari Lazzuri, arteterapeuta, p\u00f3s-graduada em Terapia Floral, psicoaromaterapeuta e membro da Uni\u00e3o Internacional de Bioeletrografia M\u00e9dica Aplicada (IUMAB); e Dra. Camila Marq\u00fces, m\u00e9dica veterin\u00e1ria integrativa, psicoterapeuta, professora e educadora floral com \u00eanfase nos Florais de Saint Germain. Moderadora: Profa. Dra. Vanessa Bastos, da Faculdade de Ci\u00eancias M\u00e9dicas de Maric\u00e1 da Universidade de Vassouras.<\/p>\n<p>14h30: apresenta\u00e7\u00e3o de experi\u00eancias exitosas no SUS municipal e de trabalhos cient\u00edficos.<\/p>\n<p>17h: encerramento.<\/div>\n<div><b><br \/><\/b><\/div>\n<div><b>Fotos: Clarildo Menezes<\/b><\/div>\n<\/div><\/div>\n<\/div>\n<div id='gallery-1' class='gallery galleryid-49926 gallery-columns-3 gallery-size-colormag-featured-image'><figure class='gallery-item'>\n\t\t\t<div class='gallery-icon landscape'>\n\t\t\t\t<a href='https:\/\/maricatotal.com.br\/site\/2023\/04\/25\/marica-sedia-2o-seminario-municipal-de-praticas-integrativas-e-complementares-de-saude\/seminario-1\/'><img loading=\"lazy\" decoding=\"async\" width=\"740\" height=\"445\" src=\"https:\/\/maricatotal.com.br\/site\/wp-content\/uploads\/2023\/04\/seminario-1-740x445.jpeg\" class=\"attachment-colormag-featured-image size-colormag-featured-image\" alt=\"\" \/><\/a>\n\t\t\t<\/div><\/figure><figure class='gallery-item'>\n\t\t\t<div class='gallery-icon landscape'>\n\t\t\t\t<a href='https:\/\/maricatotal.com.br\/site\/2023\/04\/25\/marica-sedia-2o-seminario-municipal-de-praticas-integrativas-e-complementares-de-saude\/seminario\/'><img loading=\"lazy\" decoding=\"async\" width=\"800\" height=\"445\" src=\"https:\/\/maricatotal.com.br\/site\/wp-content\/uploads\/2023\/04\/seminario-800x445.jpeg\" class=\"attachment-colormag-featured-image size-colormag-featured-image\" alt=\"\" \/><\/a>\n\t\t\t<\/div><\/figure>\n\t\t<\/div>\n<\/div>\n","protected":false},"excerpt":{"rendered":"<p>Evento acontece no pr\u00f3ximo dia 08\/05, reunindo profissionais e estudantes da \u00e1rea para debates sobre o uso de plantas medicinais,<\/p>\n","protected":false},"author":1,"featured_media":49927,"comment_status":"open","ping_status":"open","sticky":false,"template":"","format":"standard","meta":{"colormag_page_container_layout":"default_layout","colormag_page_sidebar_layout":"default_layout","footnotes":""},"categories":[14],"tags":[],"class_list":["post-49926","post","type-post","status-publish","format-standard","has-post-thumbnail","hentry","category-bairros"],"amp_enabled":true,"_links":{"self":[{"href":"https:\/\/maricatotal.com.br\/site\/wp-json\/wp\/v2\/posts\/49926","targetHints":{"allow":["GET"]}}],"collection":[{"href":"https:\/\/maricatotal.com.br\/site\/wp-json\/wp\/v2\/posts"}],"about":[{"href":"https:\/\/maricatotal.com.br\/site\/wp-json\/wp\/v2\/types\/post"}],"author":[{"embeddable":true,"href":"https:\/\/maricatotal.com.br\/site\/wp-json\/wp\/v2\/users\/1"}],"replies":[{"embeddable":true,"href":"https:\/\/maricatotal.com.br\/site\/wp-json\/wp\/v2\/comments?post=49926"}],"version-history":[{"count":1,"href":"https:\/\/maricatotal.com.br\/site\/wp-json\/wp\/v2\/posts\/49926\/revisions"}],"predecessor-version":[{"id":50239,"href":"https:\/\/maricatotal.com.br\/site\/wp-json\/wp\/v2\/posts\/49926\/revisions\/50239"}],"wp:featuredmedia":[{"embeddable":true,"href":"https:\/\/maricatotal.com.br\/site\/wp-json\/wp\/v2\/media\/49927"}],"wp:attachment":[{"href":"https:\/\/maricatotal.com.br\/site\/wp-json\/wp\/v2\/media?parent=49926"}],"wp:term":[{"taxonomy":"category","embeddable":true,"href":"https:\/\/maricatotal.com.br\/site\/wp-json\/wp\/v2\/categories?post=49926"},{"taxonomy":"post_tag","embeddable":true,"href":"https:\/\/maricatotal.com.br\/site\/wp-json\/wp\/v2\/tags?post=49926"}],"curies":[{"name":"wp","href":"https:\/\/api.w.org\/{rel}","templated":true}]}}