{"id":49929,"date":"2023-04-25T13:36:35","date_gmt":"2023-04-25T16:36:35","guid":{"rendered":"https:\/\/maricatotal.com.br\/site\/?p=49929"},"modified":"2023-04-30T23:06:30","modified_gmt":"2023-05-01T02:06:30","slug":"incendio-em-uma-escola-de-itaborai-deixa-responsaveis-preocupados","status":"publish","type":"post","link":"https:\/\/maricatotal.com.br\/site\/2023\/04\/25\/incendio-em-uma-escola-de-itaborai-deixa-responsaveis-preocupados\/","title":{"rendered":"Inc\u00eandio em uma Escola de Itabora\u00ed deixa respons\u00e1veis preocupados"},"content":{"rendered":"<div class=\"postie-post\">\n<div dir='auto'>\n<div>\n<div class=\"gmail_quote\">\n<blockquote class=\"quote\" style=\"margin:0 0 0 .8ex;border-left:1px #ccc solid;padding-left:1ex\">\n<div dir=\"auto\">Hoje 25 de abril, por volta das 11hrs, ocorreu um inc\u00eandio em uma sala de v\u00eddeo que n\u00e3o estava sendo utilizada na Escola Promotor C\u00e1ffaro, no bairro da Amplia\u00e7\u00e3o perto da via Duques Raimundo de Faria em Itabora\u00ed.<\/p>\n<div dir=\"auto\"><\/div>\n<div dir=\"auto\">&nbsp;Os pais dos alunos foram informados por telefone para buscarem seus filhos na Escola e se assustaram. &#8220;Tomei um susto quando me ligaram pedindo para buscar ele porque teve um inc\u00eandio na escola! Eu na hora fui correndo!!!&#8221; Relatou um respons\u00e1vel de aluno em uma rede social.<\/div>\n<div dir=\"auto\"><\/div>\n<div dir=\"auto\">Segundo informa\u00e7\u00f5es, haviam feito manuten\u00e7\u00e3o na parte el\u00e9trica da escola a pouco tempo. O inc\u00eandio aconteceu em uma sala de v\u00eddeo que n\u00e3o estava sendo utilizada no momento do acidente.<\/div>\n<div dir=\"auto\"><\/div>\n<div dir=\"auto\">Apesar de quatro alunos terem sido atendidos por crise nervosa, ningu\u00e9m se feriu.<\/div>\n<div dir=\"auto\"><\/div>\n<div dir=\"auto\">Os bombeiros foram acionados para o local, todas as crian\u00e7as da escola esperaram em seguran\u00e7a na quadra de esporte da Escola at\u00e9 a chegada dos pais.<\/div>\n<div dir=\"auto\"><\/div>\n<div dir=\"auto\">At\u00e9 o presente momento \u00e0s aulas de amanh\u00e3, 26 de abril, continuam mantidas.<\/div>\n<div dir=\"auto\"><\/div>\n<\/div>\n<\/blockquote>\n<\/div>\n<p><\/div>\n<\/div>\n<div id='gallery-1' class='gallery galleryid-49929 gallery-columns-3 gallery-size-colormag-featured-image'><figure class='gallery-item'>\n\t\t\t<div class='gallery-icon landscape'>\n\t\t\t\t<a href='https:\/\/maricatotal.com.br\/site\/2023\/04\/25\/incendio-em-uma-escola-de-itaborai-deixa-responsaveis-preocupados\/screenshot_20230425-132407_facebook\/'><img loading=\"lazy\" decoding=\"async\" width=\"800\" height=\"445\" src=\"https:\/\/maricatotal.com.br\/site\/wp-content\/uploads\/2023\/04\/Screenshot_20230425-132407_Facebook-800x445.jpg\" class=\"attachment-colormag-featured-image size-colormag-featured-image\" alt=\"\" \/><\/a>\n\t\t\t<\/div><\/figure>\n\t\t<\/div>\n<\/div>\n","protected":false},"excerpt":{"rendered":"<p>Hoje 25 de abril, por volta das 11hrs, ocorreu um inc\u00eandio em uma sala de v\u00eddeo que n\u00e3o estava sendo<\/p>\n","protected":false},"author":1,"featured_media":49930,"comment_status":"open","ping_status":"open","sticky":false,"template":"","format":"standard","meta":{"colormag_page_container_layout":"default_layout","colormag_page_sidebar_layout":"default_layout","footnotes":""},"categories":[14],"tags":[],"class_list":["post-49929","post","type-post","status-publish","format-standard","has-post-thumbnail","hentry","category-bairros"],"amp_enabled":true,"_links":{"self":[{"href":"https:\/\/maricatotal.com.br\/site\/wp-json\/wp\/v2\/posts\/49929","targetHints":{"allow":["GET"]}}],"collection":[{"href":"https:\/\/maricatotal.com.br\/site\/wp-json\/wp\/v2\/posts"}],"about":[{"href":"https:\/\/maricatotal.com.br\/site\/wp-json\/wp\/v2\/types\/post"}],"author":[{"embeddable":true,"href":"https:\/\/maricatotal.com.br\/site\/wp-json\/wp\/v2\/users\/1"}],"replies":[{"embeddable":true,"href":"https:\/\/maricatotal.com.br\/site\/wp-json\/wp\/v2\/comments?post=49929"}],"version-history":[{"count":1,"href":"https:\/\/maricatotal.com.br\/site\/wp-json\/wp\/v2\/posts\/49929\/revisions"}],"predecessor-version":[{"id":50238,"href":"https:\/\/maricatotal.com.br\/site\/wp-json\/wp\/v2\/posts\/49929\/revisions\/50238"}],"wp:featuredmedia":[{"embeddable":true,"href":"https:\/\/maricatotal.com.br\/site\/wp-json\/wp\/v2\/media\/49930"}],"wp:attachment":[{"href":"https:\/\/maricatotal.com.br\/site\/wp-json\/wp\/v2\/media?parent=49929"}],"wp:term":[{"taxonomy":"category","embeddable":true,"href":"https:\/\/maricatotal.com.br\/site\/wp-json\/wp\/v2\/categories?post=49929"},{"taxonomy":"post_tag","embeddable":true,"href":"https:\/\/maricatotal.com.br\/site\/wp-json\/wp\/v2\/tags?post=49929"}],"curies":[{"name":"wp","href":"https:\/\/api.w.org\/{rel}","templated":true}]}}