{"id":49968,"date":"2023-04-26T12:43:51","date_gmt":"2023-04-26T15:43:51","guid":{"rendered":"https:\/\/maricatotal.com.br\/site\/?p=49968"},"modified":"2023-04-30T23:07:46","modified_gmt":"2023-05-01T02:07:46","slug":"educacao-promove-3o-simulado-para-inscritos-no-programa-soupu","status":"publish","type":"post","link":"https:\/\/maricatotal.com.br\/site\/2023\/04\/26\/educacao-promove-3o-simulado-para-inscritos-no-programa-soupu\/","title":{"rendered":"Educa\u00e7\u00e3o promove 3\u00ba simulado para inscritos no programa SOU+PU"},"content":{"rendered":"<div class=\"postie-post\">\n<div dir=\"ltr\">\n<div class=\"gmail_quote\">\n<div dir=\"ltr\"><\/p>\n<p class=\"MsoNormal\" style=\"text-align:justify;line-height:150%;margin:0cm 0cm 8pt;font-size:11pt;font-family:Calibri,sans-serif\"><i><span style=\"font-size:12pt;line-height:150%;font-family:Arial,sans-serif;color:black\">Prova online ser\u00e1 enviada para os e-mails cadastrados e acontecer\u00e1 neste s\u00e1bado (29\/04), das 9h \u00e0s 12h <\/span><\/i><\/p>\n<p class=\"MsoNormal\" style=\"text-align:justify;line-height:150%;margin:0cm 0cm 8pt;font-size:11pt;font-family:Calibri,sans-serif\"><span style=\"font-size:12pt;line-height:150%;font-family:Arial,sans-serif;color:black\">\u00a0<\/span><\/p>\n<p class=\"MsoNormal\" style=\"text-align:justify;line-height:150%;margin:0cm 0cm 8pt;font-size:11pt;font-family:Calibri,sans-serif\"><span style=\"font-size:12pt;line-height:150%;font-family:Arial,sans-serif;color:black\">A Prefeitura de Maric\u00e1, por meio da Secretaria de Educa\u00e7\u00e3o, promove no pr\u00f3ximo s\u00e1bado (29\/04), das 9h \u00e0s 12h, o 3\u00ba simulado online de prepara\u00e7\u00e3o para a prova de aptid\u00e3o do programa Passaporte Universit\u00e1rio. O teste \u00e9 voltado aos inscritos no Sistema de Orienta\u00e7\u00e3o do Universit\u00e1rio (SOU+PU), destinado a interessados em participar do programa de concess\u00e3o de bolsas gratuitas.<\/span><\/p>\n<p class=\"MsoNormal\" style=\"text-align:justify;line-height:150%;margin:0cm 0cm 8pt;font-size:11pt;font-family:Calibri,sans-serif\"><span style=\"font-size:12pt;line-height:150%;font-family:Arial,sans-serif;color:black\">As inscri\u00e7\u00f5es para o simulado acontecem por meio do formul\u00e1rio compartilhado nos grupos de WhatsApp em que os alunos j\u00e1 est\u00e3o cadastrados. A prova tamb\u00e9m ser\u00e1 enviada para o aplicativo e para o e-mail cadastrado. <\/span><\/p>\n<p class=\"MsoNormal\" style=\"text-align:justify;line-height:150%;margin:0cm 0cm 8pt;font-size:11pt;font-family:Calibri,sans-serif\"><span style=\"font-size:12pt;line-height:150%;font-family:Arial,sans-serif;color:black\">Com aproximadamente nove mil inscritos, o SOU+PU \u00e9 um programa com imers\u00e3o nos estudos em Matem\u00e1tica, Portugu\u00eas e Conhecimentos Gerais sobre Maric\u00e1. O curso preparat\u00f3rio \u00e9 ministrado pela equipe do Pr\u00e9-Enem Popular Iara Iavelberg, projeto gratuito da Prefeitura que prepara maricaenses desde 2016 para diversos concursos.<\/span><\/p>\n<p class=\"MsoNormal\" style=\"text-align:justify;line-height:150%;margin:0cm 0cm 8pt;font-size:11pt;font-family:Calibri,sans-serif\"><span style=\"font-size:12pt;line-height:150%;font-family:Arial,sans-serif;color:black\">O conte\u00fado \u00e9 transmitido gratuitamente no Youtube do projeto dispon\u00edvel no link <a href=\"https:\/\/youtube.com\/@soumaispu\" target=\"_blank\" rel=\"noopener\">https:<a href=\"mailto:\/\/youtube.com\/@soumaispu\" >\/\/youtube.com\/@soumaispu<\/a><\/a>. Al\u00e9m disso, quatro polos s\u00e3o disponibilizados para aulas presenciais, que contam com material de apoio impresso para os estudantes. Tamb\u00e9m s\u00e3o disponibilizadas pelo aplicativo de mensagens todas as informa\u00e7\u00f5es sobre as aulas, edital, assuntos pertinentes e tira-d\u00favidas.<\/span><\/p>\n<p class=\"MsoNormal\" style=\"text-align:justify;line-height:150%;margin:0cm 0cm 8pt;font-size:11pt;font-family:Calibri,sans-serif\"><span style=\"font-size:12pt;line-height:150%;font-family:Arial,sans-serif;color:black\"><br \/><\/span><\/p>\n<p class=\"MsoNormal\" style=\"text-align:justify;line-height:150%;margin:0cm 0cm 8pt;font-size:11pt;font-family:Calibri,sans-serif\"><b><span style=\"font-size:12pt;line-height:150%;font-family:Arial,sans-serif;color:black\">Passaporte Universit\u00e1rio<\/span><\/b><\/p>\n<p class=\"MsoNormal\" style=\"text-align:justify;line-height:150%;margin:0cm 0cm 8pt;font-size:11pt;font-family:Calibri,sans-serif\"><span style=\"font-size:12pt;line-height:150%;font-family:Arial,sans-serif;color:black\">O Passaporte Universit\u00e1rio deste ano ofertar\u00e1 duas mil bolsas integrais para cursos de gradua\u00e7\u00e3o em universidades particulares credenciadas. O programa de concess\u00e3o de bolsas totalmente gratuitas foi reformulado e, agora, os interessados ter\u00e3o que passar por um processo seletivo que contar\u00e1 com prova classificat\u00f3ria no dia 7 de maio.<\/span><\/p>\n<p class=\"MsoNormal\" style=\"text-align:justify;line-height:150%;margin:0cm 0cm 8pt;font-size:11pt;font-family:Calibri,sans-serif\"><span style=\"font-size:12pt;line-height:150%;font-family:Arial,sans-serif;color:black\">A prova ser\u00e1 realizada na cidade de Maric\u00e1 pela Coordena\u00e7\u00e3o de Sele\u00e7\u00e3o Acad\u00eamica \u2013 CoseacUFF, vinculada \u00e0 Universidade Federal Fluminense (UFF). Os endere\u00e7os dos locais de realiza\u00e7\u00e3o da prova constar\u00e3o no cart\u00e3o de confirma\u00e7\u00e3o de inscri\u00e7\u00e3o.<\/span><\/p>\n<p class=\"MsoNormal\" style=\"text-align:justify;line-height:150%;margin:0cm 0cm 8pt;font-size:11pt;font-family:Calibri,sans-serif\"><span style=\"font-size:12pt;line-height:150%;font-family:Arial,sans-serif;color:black\">\u00a0<\/span><\/p>\n<p class=\"MsoNormal\" style=\"text-align:justify;line-height:150%;margin:0cm 0cm 8pt;font-size:11pt;font-family:Calibri,sans-serif\"><b><span style=\"font-size:12pt;line-height:150%;font-family:Arial,sans-serif;color:black\">Participa\u00e7\u00e3o no processo seletivo<\/span><\/b><\/p>\n<p class=\"MsoNormal\" style=\"text-align:justify;line-height:150%;margin:0cm 0cm 8pt;font-size:11pt;font-family:Calibri,sans-serif\"><span style=\"font-size:12pt;line-height:150%;font-family:Arial,sans-serif;color:black\">Para participar do processo seletivo, os candidatos devem preencher os seguintes requisitos: ser brasileiro nato ou naturalizado ou estar em condi\u00e7\u00e3o de refugiado; residir em Maric\u00e1 h\u00e1 no m\u00ednimo tr\u00eas anos, com contagem imediatamente anterior ao per\u00edodo da inscri\u00e7\u00e3o; possuir o Ensino M\u00e9dio completo ou equivalente; ser aprovado em processo de aptid\u00e3o acad\u00eamica organizado pelo Poder p\u00fablico; possuir renda familiar n\u00e3o superior a seis sal\u00e1rios m\u00ednimos.<\/span><\/p>\n<p class=\"MsoNormal\" style=\"text-align:justify;line-height:150%;margin:0cm 0cm 8pt;font-size:11pt;font-family:Calibri,sans-serif\"><span style=\"font-size:12pt;line-height:150%;font-family:Arial,sans-serif;color:black\">Para fins de apura\u00e7\u00e3o de renda familiar mensal, entende-se como grupo familiar o conjunto de moradores que habitam em um mesmo domic\u00edlio, possuindo ou n\u00e3o grau de parentesco entre si, que contribuam para o rendimento ou tenham suas despesas atendidas por aquele grupo familiar.<\/span><\/p>\n<div><\/div>\n<div>Cr\u00e9dito: Prefeitura de Maric\u00e1<\/div>\n<\/div><\/div>\n<\/div>\n<div id='gallery-1' class='gallery galleryid-49968 gallery-columns-3 gallery-size-colormag-featured-image'><figure class='gallery-item'>\n\t\t\t<div class='gallery-icon landscape'>\n\t\t\t\t<a href='https:\/\/maricatotal.com.br\/site\/2023\/04\/26\/educacao-promove-3o-simulado-para-inscritos-no-programa-soupu\/48430831441_8f50c98171_o\/'><img loading=\"lazy\" decoding=\"async\" width=\"800\" height=\"445\" src=\"https:\/\/maricatotal.com.br\/site\/wp-content\/uploads\/2023\/04\/48430831441_8f50c98171_o-800x445.jpg\" class=\"attachment-colormag-featured-image size-colormag-featured-image\" alt=\"\" \/><\/a>\n\t\t\t<\/div><\/figure>\n\t\t<\/div>\n<\/div>\n","protected":false},"excerpt":{"rendered":"<p>Prova online ser\u00e1 enviada para os e-mails cadastrados e acontecer\u00e1 neste s\u00e1bado (29\/04), das 9h \u00e0s 12h \u00a0 A Prefeitura<\/p>\n","protected":false},"author":1,"featured_media":49969,"comment_status":"open","ping_status":"open","sticky":false,"template":"","format":"standard","meta":{"colormag_page_container_layout":"default_layout","colormag_page_sidebar_layout":"default_layout","footnotes":""},"categories":[14],"tags":[],"class_list":["post-49968","post","type-post","status-publish","format-standard","has-post-thumbnail","hentry","category-bairros"],"amp_enabled":true,"_links":{"self":[{"href":"https:\/\/maricatotal.com.br\/site\/wp-json\/wp\/v2\/posts\/49968","targetHints":{"allow":["GET"]}}],"collection":[{"href":"https:\/\/maricatotal.com.br\/site\/wp-json\/wp\/v2\/posts"}],"about":[{"href":"https:\/\/maricatotal.com.br\/site\/wp-json\/wp\/v2\/types\/post"}],"author":[{"embeddable":true,"href":"https:\/\/maricatotal.com.br\/site\/wp-json\/wp\/v2\/users\/1"}],"replies":[{"embeddable":true,"href":"https:\/\/maricatotal.com.br\/site\/wp-json\/wp\/v2\/comments?post=49968"}],"version-history":[{"count":1,"href":"https:\/\/maricatotal.com.br\/site\/wp-json\/wp\/v2\/posts\/49968\/revisions"}],"predecessor-version":[{"id":50222,"href":"https:\/\/maricatotal.com.br\/site\/wp-json\/wp\/v2\/posts\/49968\/revisions\/50222"}],"wp:featuredmedia":[{"embeddable":true,"href":"https:\/\/maricatotal.com.br\/site\/wp-json\/wp\/v2\/media\/49969"}],"wp:attachment":[{"href":"https:\/\/maricatotal.com.br\/site\/wp-json\/wp\/v2\/media?parent=49968"}],"wp:term":[{"taxonomy":"category","embeddable":true,"href":"https:\/\/maricatotal.com.br\/site\/wp-json\/wp\/v2\/categories?post=49968"},{"taxonomy":"post_tag","embeddable":true,"href":"https:\/\/maricatotal.com.br\/site\/wp-json\/wp\/v2\/tags?post=49968"}],"curies":[{"name":"wp","href":"https:\/\/api.w.org\/{rel}","templated":true}]}}