{"id":50022,"date":"2023-04-27T08:47:45","date_gmt":"2023-04-27T11:47:45","guid":{"rendered":"https:\/\/maricatotal.com.br\/site\/?p=50022"},"modified":"2023-04-30T23:08:43","modified_gmt":"2023-05-01T02:08:43","slug":"equipe-da-defesa-civil-de-marica-participou-de-workshop-para-conhecer-o-radar-meteorologico-de-niteroi","status":"publish","type":"post","link":"https:\/\/maricatotal.com.br\/site\/2023\/04\/27\/equipe-da-defesa-civil-de-marica-participou-de-workshop-para-conhecer-o-radar-meteorologico-de-niteroi\/","title":{"rendered":"Equipe da Defesa Civil de Maric\u00e1 participou de workshop para conhecer o radar meteorol\u00f3gico de Niter\u00f3i"},"content":{"rendered":"<div class=\"postie-post\">\n<div dir=\"auto\">Ontem, 26 de Abril de 2023, a equipe de especialistas da Defesa Civil de Maric\u00e1 foi convidada pela Defesa Civil de Nit\u00e9roi para participar do workshop Programa de desenvolvimento de projetos e para conhecer o radar meteorol\u00f3gico do munic\u00edpio de Niter\u00f3i.<p><\/p>\n<div dir=\"auto\"><\/div>\n<div dir=\"auto\">Na parte da manh\u00e3, a equipe participou do evento que apresentou diversos projetos aplicados \u00e0 Defesa Civil com o objetivo de preven\u00e7\u00e3o de desastres ambientais.<\/div>\n<div dir=\"auto\"><\/div>\n<div dir=\"auto\">Na parte da tarde, a equipe foi levado ao Parque da Cidade de Niter\u00f3i, local em que o radar meteorol\u00f3gico est\u00e1 situado, juntamente com meteorologistas da Defesa Civil de Niter\u00f3i. Na visita, a meteorologista chefe explicou todos os dados que o radar ir\u00e1 oferecer \u00e0 equipe de monitoramento e sanar qualquer d\u00favida dos especialistas e pesquisadores presentes.<\/div>\n<div dir=\"auto\"><\/div>\n<\/div>\n<\/div>\n\n\n<figure class=\"wp-block-image size-full\"><img loading=\"lazy\" decoding=\"async\" width=\"904\" height=\"511\" src=\"https:\/\/maricatotal.com.br\/site\/wp-content\/uploads\/2023\/04\/FB_IMG_1682595849226.jpg\" alt=\"\" class=\"wp-image-50028\" srcset=\"https:\/\/maricatotal.com.br\/site\/wp-content\/uploads\/2023\/04\/FB_IMG_1682595849226.jpg 904w, https:\/\/maricatotal.com.br\/site\/wp-content\/uploads\/2023\/04\/FB_IMG_1682595849226-300x170.jpg 300w, https:\/\/maricatotal.com.br\/site\/wp-content\/uploads\/2023\/04\/FB_IMG_1682595849226-768x434.jpg 768w\" sizes=\"auto, (max-width: 904px) 100vw, 904px\" \/><\/figure>\n","protected":false},"excerpt":{"rendered":"<p>Ontem, 26 de Abril de 2023, a equipe de especialistas da Defesa Civil de Maric\u00e1 foi convidada pela Defesa Civil<\/p>\n","protected":false},"author":1,"featured_media":0,"comment_status":"open","ping_status":"open","sticky":false,"template":"","format":"standard","meta":{"colormag_page_container_layout":"default_layout","colormag_page_sidebar_layout":"default_layout","footnotes":""},"categories":[14],"tags":[],"class_list":["post-50022","post","type-post","status-publish","format-standard","hentry","category-bairros"],"amp_enabled":true,"_links":{"self":[{"href":"https:\/\/maricatotal.com.br\/site\/wp-json\/wp\/v2\/posts\/50022","targetHints":{"allow":["GET"]}}],"collection":[{"href":"https:\/\/maricatotal.com.br\/site\/wp-json\/wp\/v2\/posts"}],"about":[{"href":"https:\/\/maricatotal.com.br\/site\/wp-json\/wp\/v2\/types\/post"}],"author":[{"embeddable":true,"href":"https:\/\/maricatotal.com.br\/site\/wp-json\/wp\/v2\/users\/1"}],"replies":[{"embeddable":true,"href":"https:\/\/maricatotal.com.br\/site\/wp-json\/wp\/v2\/comments?post=50022"}],"version-history":[{"count":1,"href":"https:\/\/maricatotal.com.br\/site\/wp-json\/wp\/v2\/posts\/50022\/revisions"}],"predecessor-version":[{"id":50029,"href":"https:\/\/maricatotal.com.br\/site\/wp-json\/wp\/v2\/posts\/50022\/revisions\/50029"}],"wp:attachment":[{"href":"https:\/\/maricatotal.com.br\/site\/wp-json\/wp\/v2\/media?parent=50022"}],"wp:term":[{"taxonomy":"category","embeddable":true,"href":"https:\/\/maricatotal.com.br\/site\/wp-json\/wp\/v2\/categories?post=50022"},{"taxonomy":"post_tag","embeddable":true,"href":"https:\/\/maricatotal.com.br\/site\/wp-json\/wp\/v2\/tags?post=50022"}],"curies":[{"name":"wp","href":"https:\/\/api.w.org\/{rel}","templated":true}]}}