{"id":50044,"date":"2023-04-27T16:47:53","date_gmt":"2023-04-27T19:47:53","guid":{"rendered":"https:\/\/maricatotal.com.br\/site\/?p=50044"},"modified":"2023-04-30T23:11:00","modified_gmt":"2023-05-01T02:11:00","slug":"adolescete-fica-ferida-apos-briga-no-colegio-municipal-joana-benedicta-rangel","status":"publish","type":"post","link":"https:\/\/maricatotal.com.br\/site\/2023\/04\/27\/adolescete-fica-ferida-apos-briga-no-colegio-municipal-joana-benedicta-rangel\/","title":{"rendered":"Adolescente fica ferida ap\u00f3s briga no Col\u00e9gio Municipal Joana Benedicta Rangel"},"content":{"rendered":"<div class=\"postie-post\">\n<div dir=\"auto\">\u00a0Uma aluna adolescente de apenas 12 anos de idade, ficou ferida ap\u00f3s se envolver em uma briga com uma outra aluna, no in\u00edcio da tarde desta quarta-feira, 26 de abril.<\/p>\n<div dir=\"auto\">O fato ocorreu no hor\u00e1rio da sa\u00edda do turno da manh\u00e3, na Escola Municipal Joana Benedicta Rangel, no Centro de Maric\u00e1.<\/p>\n<div dir=\"auto\">Foi necess\u00e1rio que populares que passavam pelo local separassem a briga entre as meninas, j\u00e1 que os alunos presentes e colegas de escola incentivavam a viol\u00eancia.<\/div>\n<div dir=\"auto\"><\/div>\n<div dir=\"auto\">Uma respons\u00e1vel pela aluna buscou informa\u00e7\u00f5es e explica\u00e7\u00f5es junto \u00e0 Dire\u00e7\u00e3o do Col\u00e9gio. Mas, segundo a mesma, n\u00e3o informaram a identidade da outra aluna envolvida, que deixou a v\u00edtima cheia de ferimentos na cabe\u00e7a.<\/div>\n<div dir=\"auto\"><\/div>\n<div dir=\"auto\">Foi feita uma den\u00fancia junto a Secretaria de Educa\u00e7\u00e3o, que deve apurar os fatos.<\/div>\n<div dir=\"auto\"><\/div>\n<div dir=\"auto\">Vale lembrar, que esse tipo de viol\u00eancia entre alunos j\u00e1 se tornou corriqueira no referido col\u00e9gio, inclusive com diversos v\u00eddeos expostos e gravados pelos pr\u00f3prios alunos da escola nas redes sociais.<\/div>\n<div dir=\"auto\"><\/div>\n<div dir=\"auto\">Lembramos que se uma institui\u00e7\u00e3o de ensino causar um dano a um aluno durante a presta\u00e7\u00e3o de seus servi\u00e7os, ser\u00e1 respons\u00e1vel pelo ocorrido e ter\u00e1 a obriga\u00e7\u00e3o de reparar qualquer preju\u00edzo ou dano decorrente do fato. \u00c9 o caso de quando um aluno se machuca ou sofre algum tipo de viol\u00eancia como o bullying.<\/div>\n<div dir=\"auto\"><\/div>\n<div dir=\"auto\"><\/div>\n<div dir=\"auto\"><\/div>\n<\/div>\n<\/div>\n<div id='gallery-1' class='gallery galleryid-50044 gallery-columns-3 gallery-size-colormag-featured-image'><figure class='gallery-item'>\n\t\t\t<div class='gallery-icon landscape'>\n\t\t\t\t<a href='https:\/\/maricatotal.com.br\/site\/2023\/04\/27\/adolescete-fica-ferida-apos-briga-no-colegio-municipal-joana-benedicta-rangel\/screenshot_20230427-164632_google\/'><img loading=\"lazy\" decoding=\"async\" width=\"800\" height=\"445\" src=\"https:\/\/maricatotal.com.br\/site\/wp-content\/uploads\/2023\/04\/Screenshot_20230427-164632_Google-800x445.jpg\" class=\"attachment-colormag-featured-image size-colormag-featured-image\" alt=\"\" \/><\/a>\n\t\t\t<\/div><\/figure>\n\t\t<\/div>\n\n<\/div>\n","protected":false},"excerpt":{"rendered":"<p>\u00a0Uma aluna adolescente de apenas 12 anos de idade, ficou ferida ap\u00f3s se envolver em uma briga com uma outra<\/p>\n","protected":false},"author":1,"featured_media":50045,"comment_status":"open","ping_status":"open","sticky":false,"template":"","format":"standard","meta":{"colormag_page_container_layout":"default_layout","colormag_page_sidebar_layout":"default_layout","footnotes":""},"categories":[14],"tags":[],"class_list":["post-50044","post","type-post","status-publish","format-standard","has-post-thumbnail","hentry","category-bairros"],"amp_enabled":true,"_links":{"self":[{"href":"https:\/\/maricatotal.com.br\/site\/wp-json\/wp\/v2\/posts\/50044","targetHints":{"allow":["GET"]}}],"collection":[{"href":"https:\/\/maricatotal.com.br\/site\/wp-json\/wp\/v2\/posts"}],"about":[{"href":"https:\/\/maricatotal.com.br\/site\/wp-json\/wp\/v2\/types\/post"}],"author":[{"embeddable":true,"href":"https:\/\/maricatotal.com.br\/site\/wp-json\/wp\/v2\/users\/1"}],"replies":[{"embeddable":true,"href":"https:\/\/maricatotal.com.br\/site\/wp-json\/wp\/v2\/comments?post=50044"}],"version-history":[{"count":1,"href":"https:\/\/maricatotal.com.br\/site\/wp-json\/wp\/v2\/posts\/50044\/revisions"}],"predecessor-version":[{"id":50049,"href":"https:\/\/maricatotal.com.br\/site\/wp-json\/wp\/v2\/posts\/50044\/revisions\/50049"}],"wp:featuredmedia":[{"embeddable":true,"href":"https:\/\/maricatotal.com.br\/site\/wp-json\/wp\/v2\/media\/50045"}],"wp:attachment":[{"href":"https:\/\/maricatotal.com.br\/site\/wp-json\/wp\/v2\/media?parent=50044"}],"wp:term":[{"taxonomy":"category","embeddable":true,"href":"https:\/\/maricatotal.com.br\/site\/wp-json\/wp\/v2\/categories?post=50044"},{"taxonomy":"post_tag","embeddable":true,"href":"https:\/\/maricatotal.com.br\/site\/wp-json\/wp\/v2\/tags?post=50044"}],"curies":[{"name":"wp","href":"https:\/\/api.w.org\/{rel}","templated":true}]}}