{"id":50087,"date":"2023-04-28T12:00:46","date_gmt":"2023-04-28T15:00:46","guid":{"rendered":"https:\/\/maricatotal.com.br\/site\/?p=50087"},"modified":"2023-04-30T23:11:50","modified_gmt":"2023-05-01T02:11:50","slug":"caminhao-quebrado-causa-caos-no-transito-de-marica","status":"publish","type":"post","link":"https:\/\/maricatotal.com.br\/site\/2023\/04\/28\/caminhao-quebrado-causa-caos-no-transito-de-marica\/","title":{"rendered":"Caminh\u00e3o quebrado causa caos no tr\u00e2nsito de Maric\u00e1"},"content":{"rendered":"<div class=\"postie-post\">\n<div dir='auto'>Na manh\u00e3 desta sexta-feira, 28 de abril, um caminh\u00e3o quebrado causou grande engavetamento no centro da cidade de Maric\u00e1.<\/p>\n<div dir=\"auto\">Segundo informa\u00e7\u00f5es, um grande congestionamento&nbsp; de ve\u00edculos foi causado devido a quebra de eixo de um caminh\u00e3o, que transitava pela rua \u00c1lvares de Castro, pr\u00f3ximo ao n\u00b0346, na rua da prefeitura de Maric\u00e1.<\/div>\n<div dir=\"auto\">H\u00e1 relatos de que o tr\u00e2nsito ainda se encontra travado, sem a possibilidade de passagem de ve\u00edculos, impedindo assim, que trajetos para Ara\u00e7atiba e centro da cidade sejam completados pelos motoristas.<\/div>\n<\/div>\n<div id='gallery-1' class='gallery galleryid-50087 gallery-columns-3 gallery-size-colormag-featured-image'><figure class='gallery-item'>\n\t\t\t<div class='gallery-icon landscape'>\n\t\t\t\t<a href='https:\/\/maricatotal.com.br\/site\/2023\/04\/28\/caminhao-quebrado-causa-caos-no-transito-de-marica\/img-20230428-wa0045\/'><img loading=\"lazy\" decoding=\"async\" width=\"800\" height=\"445\" src=\"https:\/\/maricatotal.com.br\/site\/wp-content\/uploads\/2023\/04\/IMG-20230428-WA0045-800x445.jpg\" class=\"attachment-colormag-featured-image size-colormag-featured-image\" alt=\"\" \/><\/a>\n\t\t\t<\/div><\/figure><figure class='gallery-item'>\n\t\t\t<div class='gallery-icon landscape'>\n\t\t\t\t<a href='https:\/\/maricatotal.com.br\/site\/2023\/04\/28\/caminhao-quebrado-causa-caos-no-transito-de-marica\/img-20230428-wa0044\/'><img loading=\"lazy\" decoding=\"async\" width=\"800\" height=\"445\" src=\"https:\/\/maricatotal.com.br\/site\/wp-content\/uploads\/2023\/04\/IMG-20230428-WA0044-800x445.jpg\" class=\"attachment-colormag-featured-image size-colormag-featured-image\" alt=\"\" \/><\/a>\n\t\t\t<\/div><\/figure>\n\t\t<\/div>\n<\/div>\n","protected":false},"excerpt":{"rendered":"<p>Na manh\u00e3 desta sexta-feira, 28 de abril, um caminh\u00e3o quebrado causou grande engavetamento no centro da cidade de Maric\u00e1. Segundo<\/p>\n","protected":false},"author":1,"featured_media":50088,"comment_status":"open","ping_status":"open","sticky":false,"template":"","format":"standard","meta":{"colormag_page_container_layout":"default_layout","colormag_page_sidebar_layout":"default_layout","footnotes":""},"categories":[14],"tags":[],"class_list":["post-50087","post","type-post","status-publish","format-standard","has-post-thumbnail","hentry","category-bairros"],"amp_enabled":true,"_links":{"self":[{"href":"https:\/\/maricatotal.com.br\/site\/wp-json\/wp\/v2\/posts\/50087","targetHints":{"allow":["GET"]}}],"collection":[{"href":"https:\/\/maricatotal.com.br\/site\/wp-json\/wp\/v2\/posts"}],"about":[{"href":"https:\/\/maricatotal.com.br\/site\/wp-json\/wp\/v2\/types\/post"}],"author":[{"embeddable":true,"href":"https:\/\/maricatotal.com.br\/site\/wp-json\/wp\/v2\/users\/1"}],"replies":[{"embeddable":true,"href":"https:\/\/maricatotal.com.br\/site\/wp-json\/wp\/v2\/comments?post=50087"}],"version-history":[{"count":1,"href":"https:\/\/maricatotal.com.br\/site\/wp-json\/wp\/v2\/posts\/50087\/revisions"}],"predecessor-version":[{"id":50198,"href":"https:\/\/maricatotal.com.br\/site\/wp-json\/wp\/v2\/posts\/50087\/revisions\/50198"}],"wp:featuredmedia":[{"embeddable":true,"href":"https:\/\/maricatotal.com.br\/site\/wp-json\/wp\/v2\/media\/50088"}],"wp:attachment":[{"href":"https:\/\/maricatotal.com.br\/site\/wp-json\/wp\/v2\/media?parent=50087"}],"wp:term":[{"taxonomy":"category","embeddable":true,"href":"https:\/\/maricatotal.com.br\/site\/wp-json\/wp\/v2\/categories?post=50087"},{"taxonomy":"post_tag","embeddable":true,"href":"https:\/\/maricatotal.com.br\/site\/wp-json\/wp\/v2\/tags?post=50087"}],"curies":[{"name":"wp","href":"https:\/\/api.w.org\/{rel}","templated":true}]}}