{"id":50090,"date":"2023-04-28T13:20:45","date_gmt":"2023-04-28T16:20:45","guid":{"rendered":"https:\/\/maricatotal.com.br\/site\/?p=50090"},"modified":"2023-04-30T23:14:22","modified_gmt":"2023-05-01T02:14:22","slug":"acidente-deixa-dois-feridos-na-rj-106","status":"publish","type":"post","link":"https:\/\/maricatotal.com.br\/site\/2023\/04\/28\/acidente-deixa-dois-feridos-na-rj-106\/","title":{"rendered":"Acidente deixa dois feridos na RJ-106"},"content":{"rendered":"<div class=\"postie-post\">\n<div dir='auto'>No in\u00edcio da manh\u00e3 desta sexta-feira, 28 de abril uma acidente entre um carro e uma moto deixou dois homens feridos na RJ-106.&nbsp;<\/p>\n<div dir=\"auto\"><\/p>\n<div dir=\"auto\">Segundo informa\u00e7\u00f5es, o acidente ocorreu pr\u00f3ximo ao Hospital Municipal Dr. Ernesto Che Guevara, no bairro de S\u00e3o Jos\u00e9 do Imbassa\u00ed, pr\u00f3ximo ao km 22, no sentido Maric\u00e1.&nbsp;<\/div>\n<div dir=\"auto\">O acidente ocorreu quando um carro e uma moto que transitavam no mesmo sentido, se chocaram. Apenas o motociclista e o garupa sofreram com o choque entre os ve\u00edculos e tiveram diversas escoria\u00e7\u00f5es pelo corpo.<\/div>\n<div dir=\"auto\"><\/p>\n<div dir=\"auto\">O socorro m\u00e9dico foi acionado e uma equipe de socorristas do Hospital Dr. Ernesto Che Guevara prestou os primeiros socorros \u00e0s v\u00edtimas no local, bombeiros do Destacamento de Maric\u00e1 encaminharam os dois feridos ao hospital.<\/div>\n<div dir=\"auto\">O tr\u00e2nsito foi controlado e a ocorr\u00eancia do acidente foi registrada por policiais militares do Batalh\u00e3o de Pol\u00edcia Rodovi\u00e1ria (BPRv).<\/div>\n<\/div>\n<\/div>\n<\/div>\n<div id='gallery-1' class='gallery galleryid-50090 gallery-columns-3 gallery-size-colormag-featured-image'><figure class='gallery-item'>\n\t\t\t<div class='gallery-icon portrait'>\n\t\t\t\t<a href='https:\/\/maricatotal.com.br\/site\/2023\/04\/28\/acidente-deixa-dois-feridos-na-rj-106\/img-20230428-wa0084\/'><img loading=\"lazy\" decoding=\"async\" width=\"800\" height=\"445\" src=\"https:\/\/maricatotal.com.br\/site\/wp-content\/uploads\/2023\/04\/IMG-20230428-WA0084-800x445.jpg\" class=\"attachment-colormag-featured-image size-colormag-featured-image\" alt=\"\" \/><\/a>\n\t\t\t<\/div><\/figure>\n\t\t<\/div>\n<\/div>\n","protected":false},"excerpt":{"rendered":"<p>No in\u00edcio da manh\u00e3 desta sexta-feira, 28 de abril uma acidente entre um carro e uma moto deixou dois homens<\/p>\n","protected":false},"author":1,"featured_media":50091,"comment_status":"open","ping_status":"open","sticky":false,"template":"","format":"standard","meta":{"colormag_page_container_layout":"default_layout","colormag_page_sidebar_layout":"default_layout","footnotes":""},"categories":[14],"tags":[],"class_list":["post-50090","post","type-post","status-publish","format-standard","has-post-thumbnail","hentry","category-bairros"],"amp_enabled":true,"_links":{"self":[{"href":"https:\/\/maricatotal.com.br\/site\/wp-json\/wp\/v2\/posts\/50090","targetHints":{"allow":["GET"]}}],"collection":[{"href":"https:\/\/maricatotal.com.br\/site\/wp-json\/wp\/v2\/posts"}],"about":[{"href":"https:\/\/maricatotal.com.br\/site\/wp-json\/wp\/v2\/types\/post"}],"author":[{"embeddable":true,"href":"https:\/\/maricatotal.com.br\/site\/wp-json\/wp\/v2\/users\/1"}],"replies":[{"embeddable":true,"href":"https:\/\/maricatotal.com.br\/site\/wp-json\/wp\/v2\/comments?post=50090"}],"version-history":[{"count":1,"href":"https:\/\/maricatotal.com.br\/site\/wp-json\/wp\/v2\/posts\/50090\/revisions"}],"predecessor-version":[{"id":50197,"href":"https:\/\/maricatotal.com.br\/site\/wp-json\/wp\/v2\/posts\/50090\/revisions\/50197"}],"wp:featuredmedia":[{"embeddable":true,"href":"https:\/\/maricatotal.com.br\/site\/wp-json\/wp\/v2\/media\/50091"}],"wp:attachment":[{"href":"https:\/\/maricatotal.com.br\/site\/wp-json\/wp\/v2\/media?parent=50090"}],"wp:term":[{"taxonomy":"category","embeddable":true,"href":"https:\/\/maricatotal.com.br\/site\/wp-json\/wp\/v2\/categories?post=50090"},{"taxonomy":"post_tag","embeddable":true,"href":"https:\/\/maricatotal.com.br\/site\/wp-json\/wp\/v2\/tags?post=50090"}],"curies":[{"name":"wp","href":"https:\/\/api.w.org\/{rel}","templated":true}]}}