{"id":50101,"date":"2023-04-28T14:22:54","date_gmt":"2023-04-28T17:22:54","guid":{"rendered":"https:\/\/maricatotal.com.br\/site\/?p=50101"},"modified":"2023-04-30T23:14:27","modified_gmt":"2023-05-01T02:14:27","slug":"carro-roubado-que-seria-utilizado-para-o-crime-e-apreendido-em-marica","status":"publish","type":"post","link":"https:\/\/maricatotal.com.br\/site\/2023\/04\/28\/carro-roubado-que-seria-utilizado-para-o-crime-e-apreendido-em-marica\/","title":{"rendered":"Carro roubado que seria utilizado para o crime \u00e9 apreendido em Maric\u00e1"},"content":{"rendered":"\n<p>Na manh\u00e3 desta sexta-feira, dia 28 de abril, policiais suspeitaram de um carro que transitava em atitude suspeita pela RJ-106.Os policiais seguiram o carro at\u00e9 conseguirem interceptar o mesmo em frente \u00e0 loja Casa &amp; V\u00eddeo, que fica localizada no centro de Maric\u00e1.Os policiais for\u00e7aram a parada do ve\u00edculo e ao abordar os integrantes de seu interior, puderam constatar que se tratavam de meliantes.O ve\u00edculo havia sido roubado no bairro de neves em S\u00e3o Gon\u00e7alo e seu roubo j\u00e1 havia sido registrado na 74a DP. O carro roubado com placa de um Honda Corolla estava sem o banco do carona e sem o banco traseiro.Pelas condi\u00e7\u00f5es em que se encontrava o ve\u00edculo, os Policiais Militares respons\u00e1veis pela a\u00e7\u00e3o desconfiaram de que ele seria utilizado para transporte de cargas roubadas.O ve\u00edculo foi apreendido, os homens foram autuados e encaminhados \u00e0 82a DP, onde o caso foi registrado.<\/p>\n\n\n\n<figure class=\"wp-block-image size-full\"><img loading=\"lazy\" decoding=\"async\" width=\"720\" height=\"677\" src=\"https:\/\/maricatotal.com.br\/site\/wp-content\/uploads\/2023\/04\/IMG-20230428-WA0085-2.jpg\" alt=\"\" class=\"wp-image-50103\" srcset=\"https:\/\/maricatotal.com.br\/site\/wp-content\/uploads\/2023\/04\/IMG-20230428-WA0085-2.jpg 720w, https:\/\/maricatotal.com.br\/site\/wp-content\/uploads\/2023\/04\/IMG-20230428-WA0085-2-300x282.jpg 300w\" sizes=\"auto, (max-width: 720px) 100vw, 720px\" \/><\/figure>\n","protected":false},"excerpt":{"rendered":"<p>Na manh\u00e3 desta sexta-feira, dia 28 de abril, policiais suspeitaram de um carro que transitava em atitude suspeita pela RJ-106.Os<\/p>\n","protected":false},"author":1,"featured_media":0,"comment_status":"open","ping_status":"open","sticky":false,"template":"","format":"standard","meta":{"colormag_page_container_layout":"default_layout","colormag_page_sidebar_layout":"default_layout","footnotes":""},"categories":[1],"tags":[],"class_list":["post-50101","post","type-post","status-publish","format-standard","hentry","category-noticias"],"amp_enabled":true,"_links":{"self":[{"href":"https:\/\/maricatotal.com.br\/site\/wp-json\/wp\/v2\/posts\/50101","targetHints":{"allow":["GET"]}}],"collection":[{"href":"https:\/\/maricatotal.com.br\/site\/wp-json\/wp\/v2\/posts"}],"about":[{"href":"https:\/\/maricatotal.com.br\/site\/wp-json\/wp\/v2\/types\/post"}],"author":[{"embeddable":true,"href":"https:\/\/maricatotal.com.br\/site\/wp-json\/wp\/v2\/users\/1"}],"replies":[{"embeddable":true,"href":"https:\/\/maricatotal.com.br\/site\/wp-json\/wp\/v2\/comments?post=50101"}],"version-history":[{"count":1,"href":"https:\/\/maricatotal.com.br\/site\/wp-json\/wp\/v2\/posts\/50101\/revisions"}],"predecessor-version":[{"id":50104,"href":"https:\/\/maricatotal.com.br\/site\/wp-json\/wp\/v2\/posts\/50101\/revisions\/50104"}],"wp:attachment":[{"href":"https:\/\/maricatotal.com.br\/site\/wp-json\/wp\/v2\/media?parent=50101"}],"wp:term":[{"taxonomy":"category","embeddable":true,"href":"https:\/\/maricatotal.com.br\/site\/wp-json\/wp\/v2\/categories?post=50101"},{"taxonomy":"post_tag","embeddable":true,"href":"https:\/\/maricatotal.com.br\/site\/wp-json\/wp\/v2\/tags?post=50101"}],"curies":[{"name":"wp","href":"https:\/\/api.w.org\/{rel}","templated":true}]}}