{"id":50105,"date":"2023-04-28T15:33:09","date_gmt":"2023-04-28T18:33:09","guid":{"rendered":"https:\/\/maricatotal.com.br\/site\/?p=50105"},"modified":"2023-04-30T23:14:53","modified_gmt":"2023-05-01T02:14:53","slug":"buracos-em-uma-rua-do-centro-de-marica-geram-queixas-de-moradores","status":"publish","type":"post","link":"https:\/\/maricatotal.com.br\/site\/2023\/04\/28\/buracos-em-uma-rua-do-centro-de-marica-geram-queixas-de-moradores\/","title":{"rendered":"Buracos em uma rua do centro de Maric\u00e1 geram queixas de moradores"},"content":{"rendered":"<div class=\"postie-post\">\n<div dir='auto'>Moradores da Rua Ant\u00f4nio Vieira Sobrinho, localizada no centro de Maric\u00e1, antigo bairro Parque El Dourado, den\u00fanciam que est\u00e3o h\u00e1 v\u00e1rios meses solicitadando junto \u00e0 prefeitura e a seus representantes que buracos da referida rua sejam tapados.<\/p>\n<div dir=\"auto\"><\/p>\n<div dir=\"auto\">Eles contam que h\u00e1 tempos pedem uma solu\u00e7\u00e3o, mas nada foi feito.&nbsp;<\/div>\n<div dir=\"auto\"><\/p>\n<div dir=\"auto\">Buracos, pedras e lama s\u00e3o alguns dos problemas que moradores da rua que fica na regi\u00e3o central de Maric\u00e1, convivem diariamente.<\/div>\n<div dir=\"auto\">Os moradores pedem que provid\u00eancias sejam tomadas.<\/div>\n<div dir=\"auto\"><\/div>\n<div dir=\"auto\">\u201cA gente est\u00e1 cansado, pede ajuda, mas ningu\u00e9m toma provid\u00eancia nenhuma\u201d, disse um dos moradores do bairro, respons\u00e1vel pela den\u00fancia.<\/div>\n<\/div>\n<\/div>\n<\/div>\n<div id='gallery-1' class='gallery galleryid-50105 gallery-columns-3 gallery-size-colormag-featured-image'><figure class='gallery-item'>\n\t\t\t<div class='gallery-icon portrait'>\n\t\t\t\t<a href='https:\/\/maricatotal.com.br\/site\/2023\/04\/28\/buracos-em-uma-rua-do-centro-de-marica-geram-queixas-de-moradores\/img-20230428-wa0096\/'><img loading=\"lazy\" decoding=\"async\" width=\"800\" height=\"445\" src=\"https:\/\/maricatotal.com.br\/site\/wp-content\/uploads\/2023\/04\/IMG-20230428-WA0096-800x445.jpg\" class=\"attachment-colormag-featured-image size-colormag-featured-image\" alt=\"\" \/><\/a>\n\t\t\t<\/div><\/figure><figure class='gallery-item'>\n\t\t\t<div class='gallery-icon portrait'>\n\t\t\t\t<a href='https:\/\/maricatotal.com.br\/site\/2023\/04\/28\/buracos-em-uma-rua-do-centro-de-marica-geram-queixas-de-moradores\/img-20230428-wa0097\/'><img loading=\"lazy\" decoding=\"async\" width=\"800\" height=\"445\" src=\"https:\/\/maricatotal.com.br\/site\/wp-content\/uploads\/2023\/04\/IMG-20230428-WA0097-800x445.jpg\" class=\"attachment-colormag-featured-image size-colormag-featured-image\" alt=\"\" \/><\/a>\n\t\t\t<\/div><\/figure><figure class='gallery-item'>\n\t\t\t<div class='gallery-icon portrait'>\n\t\t\t\t<a href='https:\/\/maricatotal.com.br\/site\/2023\/04\/28\/buracos-em-uma-rua-do-centro-de-marica-geram-queixas-de-moradores\/img-20230428-wa0095\/'><img loading=\"lazy\" decoding=\"async\" width=\"800\" height=\"445\" src=\"https:\/\/maricatotal.com.br\/site\/wp-content\/uploads\/2023\/04\/IMG-20230428-WA0095-800x445.jpg\" class=\"attachment-colormag-featured-image size-colormag-featured-image\" alt=\"\" \/><\/a>\n\t\t\t<\/div><\/figure>\n\t\t<\/div>\n<\/div>\n","protected":false},"excerpt":{"rendered":"<p>Moradores da Rua Ant\u00f4nio Vieira Sobrinho, localizada no centro de Maric\u00e1, antigo bairro Parque El Dourado, den\u00fanciam que est\u00e3o h\u00e1<\/p>\n","protected":false},"author":1,"featured_media":50106,"comment_status":"open","ping_status":"open","sticky":false,"template":"","format":"standard","meta":{"colormag_page_container_layout":"default_layout","colormag_page_sidebar_layout":"default_layout","footnotes":""},"categories":[14],"tags":[],"class_list":["post-50105","post","type-post","status-publish","format-standard","has-post-thumbnail","hentry","category-bairros"],"amp_enabled":true,"_links":{"self":[{"href":"https:\/\/maricatotal.com.br\/site\/wp-json\/wp\/v2\/posts\/50105","targetHints":{"allow":["GET"]}}],"collection":[{"href":"https:\/\/maricatotal.com.br\/site\/wp-json\/wp\/v2\/posts"}],"about":[{"href":"https:\/\/maricatotal.com.br\/site\/wp-json\/wp\/v2\/types\/post"}],"author":[{"embeddable":true,"href":"https:\/\/maricatotal.com.br\/site\/wp-json\/wp\/v2\/users\/1"}],"replies":[{"embeddable":true,"href":"https:\/\/maricatotal.com.br\/site\/wp-json\/wp\/v2\/comments?post=50105"}],"version-history":[{"count":1,"href":"https:\/\/maricatotal.com.br\/site\/wp-json\/wp\/v2\/posts\/50105\/revisions"}],"predecessor-version":[{"id":50196,"href":"https:\/\/maricatotal.com.br\/site\/wp-json\/wp\/v2\/posts\/50105\/revisions\/50196"}],"wp:featuredmedia":[{"embeddable":true,"href":"https:\/\/maricatotal.com.br\/site\/wp-json\/wp\/v2\/media\/50106"}],"wp:attachment":[{"href":"https:\/\/maricatotal.com.br\/site\/wp-json\/wp\/v2\/media?parent=50105"}],"wp:term":[{"taxonomy":"category","embeddable":true,"href":"https:\/\/maricatotal.com.br\/site\/wp-json\/wp\/v2\/categories?post=50105"},{"taxonomy":"post_tag","embeddable":true,"href":"https:\/\/maricatotal.com.br\/site\/wp-json\/wp\/v2\/tags?post=50105"}],"curies":[{"name":"wp","href":"https:\/\/api.w.org\/{rel}","templated":true}]}}