{"id":5014,"date":"2019-12-04T16:38:16","date_gmt":"2019-12-04T19:38:16","guid":{"rendered":"http:\/\/maricatotal.com.br\/site\/?p=5014"},"modified":"2019-12-04T16:44:36","modified_gmt":"2019-12-04T19:44:36","slug":"apos-curto-carro-pega-fogo-no-parque-nanci","status":"publish","type":"post","link":"https:\/\/maricatotal.com.br\/site\/2019\/12\/04\/apos-curto-carro-pega-fogo-no-parque-nanci\/","title":{"rendered":"AP\u00d3S CURTO, CARRO PEGA FOGO NO PARQUE NANCI"},"content":{"rendered":"\n<figure class=\"wp-block-image size-large\"><img loading=\"lazy\" decoding=\"async\" width=\"1024\" height=\"768\" src=\"http:\/\/maricatotal.com.br\/site\/wp-content\/uploads\/2019\/12\/WhatsApp-Image-2019-12-04-at-16.30.39-1024x768.jpeg\" alt=\"\" class=\"wp-image-5015\" srcset=\"https:\/\/maricatotal.com.br\/site\/wp-content\/uploads\/2019\/12\/WhatsApp-Image-2019-12-04-at-16.30.39-1024x768.jpeg 1024w, https:\/\/maricatotal.com.br\/site\/wp-content\/uploads\/2019\/12\/WhatsApp-Image-2019-12-04-at-16.30.39-300x225.jpeg 300w, https:\/\/maricatotal.com.br\/site\/wp-content\/uploads\/2019\/12\/WhatsApp-Image-2019-12-04-at-16.30.39-768x576.jpeg 768w, https:\/\/maricatotal.com.br\/site\/wp-content\/uploads\/2019\/12\/WhatsApp-Image-2019-12-04-at-16.30.39.jpeg 1280w\" sizes=\"auto, (max-width: 1024px) 100vw, 1024px\" \/><figcaption>Foto: Maric\u00e1 Total.<\/figcaption><\/figure>\n\n\n\n<p>Ap\u00f3s um curto no ar-condicionado, um carro pegou fogo \u00e0s margens da Rodovia Amaral Peixoto, a RJ-106, na manh\u00e3 desta quarta-feira (4) no Parque Nanci.<\/p>\n\n\n\n<p>Segundo informa\u00e7\u00f5es levantadas pelo Site Maric\u00e1 Total, o dono do carro, um Renault Melanie, ligou o ar-condicionado e logo em seguida as chamas j\u00e1 apareceram. O homem encostou o carro e abandonou, pois em minutos o ve\u00edculo j\u00e1 estava tomado pelas chamas. <\/p>\n\n\n\n<p>A Pol\u00edcia Militar foi acionada junto ao Corpo de Bombeiros de Maric\u00e1, que controlaram as chamas que estavam intensas pois o carro tinha acabado de se abastecido. A PM controlou o tr\u00e2nsito, que permaneceu por 1h em uma Via e logo ap\u00f3s foi liberado. <\/p>\n\n\n\n<p>Ningu\u00e9m ficou ferido. O carro foi rebocado. <\/p>\n","protected":false},"excerpt":{"rendered":"<p>Ap\u00f3s um curto no ar-condicionado, um carro pegou fogo \u00e0s margens da Rodovia Amaral Peixoto, a RJ-106, na manh\u00e3 desta<\/p>\n","protected":false},"author":1,"featured_media":0,"comment_status":"open","ping_status":"open","sticky":false,"template":"","format":"standard","meta":{"colormag_page_container_layout":"default_layout","colormag_page_sidebar_layout":"default_layout","footnotes":""},"categories":[1],"tags":[],"class_list":["post-5014","post","type-post","status-publish","format-standard","hentry","category-noticias"],"amp_enabled":true,"_links":{"self":[{"href":"https:\/\/maricatotal.com.br\/site\/wp-json\/wp\/v2\/posts\/5014","targetHints":{"allow":["GET"]}}],"collection":[{"href":"https:\/\/maricatotal.com.br\/site\/wp-json\/wp\/v2\/posts"}],"about":[{"href":"https:\/\/maricatotal.com.br\/site\/wp-json\/wp\/v2\/types\/post"}],"author":[{"embeddable":true,"href":"https:\/\/maricatotal.com.br\/site\/wp-json\/wp\/v2\/users\/1"}],"replies":[{"embeddable":true,"href":"https:\/\/maricatotal.com.br\/site\/wp-json\/wp\/v2\/comments?post=5014"}],"version-history":[{"count":0,"href":"https:\/\/maricatotal.com.br\/site\/wp-json\/wp\/v2\/posts\/5014\/revisions"}],"wp:attachment":[{"href":"https:\/\/maricatotal.com.br\/site\/wp-json\/wp\/v2\/media?parent=5014"}],"wp:term":[{"taxonomy":"category","embeddable":true,"href":"https:\/\/maricatotal.com.br\/site\/wp-json\/wp\/v2\/categories?post=5014"},{"taxonomy":"post_tag","embeddable":true,"href":"https:\/\/maricatotal.com.br\/site\/wp-json\/wp\/v2\/tags?post=5014"}],"curies":[{"name":"wp","href":"https:\/\/api.w.org\/{rel}","templated":true}]}}