{"id":50350,"date":"2023-05-01T22:04:27","date_gmt":"2023-05-02T01:04:27","guid":{"rendered":"https:\/\/maricatotal.com.br\/site\/?p=50350"},"modified":"2023-05-01T22:07:51","modified_gmt":"2023-05-02T01:07:51","slug":"isencao-do-ir-para-quem-ganha-ate-r-2-640-passara-a-valer-a-partir-de-1o-de-maio","status":"publish","type":"post","link":"https:\/\/maricatotal.com.br\/site\/2023\/05\/01\/isencao-do-ir-para-quem-ganha-ate-r-2-640-passara-a-valer-a-partir-de-1o-de-maio\/","title":{"rendered":"Isen\u00e7\u00e3o do IR para quem ganha at\u00e9 R$ 2.640 passar\u00e1 a valer a partir de 1\u00ba de maio"},"content":{"rendered":"<div class=\"postie-post\">\n<div dir='auto'>A partir de maio, trabalhadores formais que ganham at\u00e9 R$ 2.640 ter\u00e3o isen\u00e7\u00e3o do Imposto de Renda Pessoa F\u00edsica (IRPF), confirmou hoje (28) o ministro do Trabalho e Emprego, Luiz Marinho. Segundo ele, o governo est\u00e1 cumprindo um compromisso de campanha do presidente Luiz In\u00e1cio Lula da Silva de elevar gradualmente a faixa de isen\u00e7\u00e3o.<\/p>\n<div dir=\"auto\"><\/div>\n<div dir=\"auto\">\u201cH\u00e1 o compromisso do presidente Lula de isentar do IR sal\u00e1rios de at\u00e9 R$ 5 mil, at\u00e9 o fim do governo. Por enquanto, os sal\u00e1rios de at\u00e9 R$ 2.640, a partir de 1\u00ba de maio, n\u00e3o ter\u00e3o reten\u00e7\u00e3o do IR. Durante o mandato, vamos voltar a falar de isen\u00e7\u00e3o quando a condi\u00e7\u00e3o econ\u00f4mica permitir\u201d, disse o ministro, ap\u00f3s cerim\u00f4nia de assinatura do reajuste de 9% para os servidores do Executivo federal.<\/div>\n<div dir=\"auto\"><\/div>\n<div dir=\"auto\">O aumento da isen\u00e7\u00e3o se dar\u00e1 pela combina\u00e7\u00e3o de duas medidas. A faixa de isen\u00e7\u00e3o na tabela do IRPF passar\u00e1 de R$ 1.903,98, valor em vigor desde 2015, para R$ 2.112. Al\u00e9m disso, haver\u00e1 um desconto de R$ 528 sobre o imposto pago na fonte, retido automaticamente todos os meses.<\/div>\n<div dir=\"auto\"><\/div>\n<div dir=\"auto\">Ao somar os dois valores, o da nova faixa de isen\u00e7\u00e3o e o do desconto, o valor chega a R$ 2.640. A quantia equivale a dois sal\u00e1rios m\u00ednimos de R$ 1.320, valor que vigorar\u00e1 a partir de maio. At\u00e9 o fim de abril, o sal\u00e1rio m\u00ednimo est\u00e1 em R$ 1.304.<\/div>\n<div dir=\"auto\"><\/div>\n<div dir=\"auto\">O ministro do Trabalho e Emprego informou que a medida dever\u00e1 ser institu\u00edda por um \u201cato discricion\u00e1rio\u201d da Receita Federal. Segundo o ministro, a formaliza\u00e7\u00e3o do aumento \u201cest\u00e1 tramitando\u201d dentro do \u00f3rg\u00e3o.<\/div>\n<div dir=\"auto\"><\/div>\n<div dir=\"auto\">Segundo a Receita Federal, 13,7 milh\u00f5es de contribuintes deixar\u00e3o de pagar Imposto de Renda a partir do pr\u00f3ximo m\u00eas com a isen\u00e7\u00e3o para quem recebe at\u00e9 R$ 2.640. Isso equivale a 40% das pessoas f\u00edsicas que pagam o tributo.<\/div>\n<div dir=\"auto\"><\/div>\n<div dir=\"auto\">Fonte: Ag\u00eancia Brasil&nbsp;<\/div>\n<\/div>\n<div id='gallery-1' class='gallery galleryid-50350 gallery-columns-3 gallery-size-colormag-featured-image'><figure class='gallery-item'>\n\t\t\t<div class='gallery-icon landscape'>\n\t\t\t\t<a href='https:\/\/maricatotal.com.br\/site\/2023\/05\/01\/isencao-do-ir-para-quem-ganha-ate-r-2-640-passara-a-valer-a-partir-de-1o-de-maio\/925010231-imposto-de-renda\/'><img loading=\"lazy\" decoding=\"async\" width=\"774\" height=\"445\" src=\"https:\/\/maricatotal.com.br\/site\/wp-content\/uploads\/2023\/05\/925010231-imposto-de-renda-774x445.jpg\" class=\"attachment-colormag-featured-image size-colormag-featured-image\" alt=\"\" \/><\/a>\n\t\t\t<\/div><\/figure>\n\t\t<\/div>\n<\/div>\n","protected":false},"excerpt":{"rendered":"<p>A partir de maio, trabalhadores formais que ganham at\u00e9 R$ 2.640 ter\u00e3o isen\u00e7\u00e3o do Imposto de Renda Pessoa F\u00edsica (IRPF),<\/p>\n","protected":false},"author":1,"featured_media":50351,"comment_status":"open","ping_status":"open","sticky":false,"template":"","format":"standard","meta":{"colormag_page_container_layout":"default_layout","colormag_page_sidebar_layout":"default_layout","footnotes":""},"categories":[14],"tags":[],"class_list":["post-50350","post","type-post","status-publish","format-standard","has-post-thumbnail","hentry","category-bairros"],"amp_enabled":true,"_links":{"self":[{"href":"https:\/\/maricatotal.com.br\/site\/wp-json\/wp\/v2\/posts\/50350","targetHints":{"allow":["GET"]}}],"collection":[{"href":"https:\/\/maricatotal.com.br\/site\/wp-json\/wp\/v2\/posts"}],"about":[{"href":"https:\/\/maricatotal.com.br\/site\/wp-json\/wp\/v2\/types\/post"}],"author":[{"embeddable":true,"href":"https:\/\/maricatotal.com.br\/site\/wp-json\/wp\/v2\/users\/1"}],"replies":[{"embeddable":true,"href":"https:\/\/maricatotal.com.br\/site\/wp-json\/wp\/v2\/comments?post=50350"}],"version-history":[{"count":0,"href":"https:\/\/maricatotal.com.br\/site\/wp-json\/wp\/v2\/posts\/50350\/revisions"}],"wp:featuredmedia":[{"embeddable":true,"href":"https:\/\/maricatotal.com.br\/site\/wp-json\/wp\/v2\/media\/50351"}],"wp:attachment":[{"href":"https:\/\/maricatotal.com.br\/site\/wp-json\/wp\/v2\/media?parent=50350"}],"wp:term":[{"taxonomy":"category","embeddable":true,"href":"https:\/\/maricatotal.com.br\/site\/wp-json\/wp\/v2\/categories?post=50350"},{"taxonomy":"post_tag","embeddable":true,"href":"https:\/\/maricatotal.com.br\/site\/wp-json\/wp\/v2\/tags?post=50350"}],"curies":[{"name":"wp","href":"https:\/\/api.w.org\/{rel}","templated":true}]}}