{"id":5036,"date":"2019-12-05T09:29:13","date_gmt":"2019-12-05T12:29:13","guid":{"rendered":"http:\/\/maricatotal.com.br\/site\/?p=5036"},"modified":"2019-12-05T09:32:22","modified_gmt":"2019-12-05T12:32:22","slug":"operacao-natal-reforca-seguranca-nos-onibus-em-marica","status":"publish","type":"post","link":"https:\/\/maricatotal.com.br\/site\/2019\/12\/05\/operacao-natal-reforca-seguranca-nos-onibus-em-marica\/","title":{"rendered":"OPERA\u00c7\u00c3O NATAL REFOR\u00c7A SEGURAN\u00c7A NOS \u00d4NIBUS EM MARIC\u00c1"},"content":{"rendered":"\n<figure class=\"wp-block-image size-large\"><img loading=\"lazy\" decoding=\"async\" width=\"1024\" height=\"768\" src=\"http:\/\/maricatotal.com.br\/site\/wp-content\/uploads\/2019\/12\/WhatsApp-Image-2019-12-05-at-07.00.43-1024x768.jpeg\" alt=\"\" class=\"wp-image-5037\" srcset=\"https:\/\/maricatotal.com.br\/site\/wp-content\/uploads\/2019\/12\/WhatsApp-Image-2019-12-05-at-07.00.43-1024x768.jpeg 1024w, https:\/\/maricatotal.com.br\/site\/wp-content\/uploads\/2019\/12\/WhatsApp-Image-2019-12-05-at-07.00.43-300x225.jpeg 300w, https:\/\/maricatotal.com.br\/site\/wp-content\/uploads\/2019\/12\/WhatsApp-Image-2019-12-05-at-07.00.43-768x576.jpeg 768w, https:\/\/maricatotal.com.br\/site\/wp-content\/uploads\/2019\/12\/WhatsApp-Image-2019-12-05-at-07.00.43.jpeg 1040w\" sizes=\"auto, (max-width: 1024px) 100vw, 1024px\" \/><\/figure>\n\n\n\n<p>Com a grande movimenta\u00e7\u00e3o de pessoas nos \u00f4nibus da cidade, a Pol\u00edcia Militar de Maric\u00e1 iniciou a Opera\u00e7\u00e3o &#8216;Natal&#8217;, que tem a finalidade de patrulhar ruas e os \u00f4nibus da cidade.<\/p>\n\n\n\n<p>O Policiamento em \u00d4nibus Urbano (PTOU) est\u00e1 a frente da a\u00e7\u00e3o, e intensificou as revistas nos \u00f4nibus que circulam por todo munic\u00edpio na \u00faltima ter\u00e7a-feira (4).<\/p>\n\n\n\n<p>A Opera\u00e7\u00e3o Ver\u00e3o tamb\u00e9m j\u00e1 est\u00e1 prestes a come\u00e7ar. Com o intuito de controlar o acesso e manter a seguran\u00e7a de todas pessoas que est\u00e3o indo e voltando das praias maricaenses.<\/p>\n\n\n\n<p> A popula\u00e7\u00e3o aprovou a iniciativa da PM. <\/p>\n","protected":false},"excerpt":{"rendered":"<p>Com a grande movimenta\u00e7\u00e3o de pessoas nos \u00f4nibus da cidade, a Pol\u00edcia Militar de Maric\u00e1 iniciou a Opera\u00e7\u00e3o &#8216;Natal&#8217;, que<\/p>\n","protected":false},"author":1,"featured_media":0,"comment_status":"open","ping_status":"open","sticky":false,"template":"","format":"standard","meta":{"colormag_page_container_layout":"default_layout","colormag_page_sidebar_layout":"default_layout","footnotes":""},"categories":[1],"tags":[],"class_list":["post-5036","post","type-post","status-publish","format-standard","hentry","category-noticias"],"amp_enabled":true,"_links":{"self":[{"href":"https:\/\/maricatotal.com.br\/site\/wp-json\/wp\/v2\/posts\/5036","targetHints":{"allow":["GET"]}}],"collection":[{"href":"https:\/\/maricatotal.com.br\/site\/wp-json\/wp\/v2\/posts"}],"about":[{"href":"https:\/\/maricatotal.com.br\/site\/wp-json\/wp\/v2\/types\/post"}],"author":[{"embeddable":true,"href":"https:\/\/maricatotal.com.br\/site\/wp-json\/wp\/v2\/users\/1"}],"replies":[{"embeddable":true,"href":"https:\/\/maricatotal.com.br\/site\/wp-json\/wp\/v2\/comments?post=5036"}],"version-history":[{"count":0,"href":"https:\/\/maricatotal.com.br\/site\/wp-json\/wp\/v2\/posts\/5036\/revisions"}],"wp:attachment":[{"href":"https:\/\/maricatotal.com.br\/site\/wp-json\/wp\/v2\/media?parent=5036"}],"wp:term":[{"taxonomy":"category","embeddable":true,"href":"https:\/\/maricatotal.com.br\/site\/wp-json\/wp\/v2\/categories?post=5036"},{"taxonomy":"post_tag","embeddable":true,"href":"https:\/\/maricatotal.com.br\/site\/wp-json\/wp\/v2\/tags?post=5036"}],"curies":[{"name":"wp","href":"https:\/\/api.w.org\/{rel}","templated":true}]}}