{"id":50382,"date":"2023-05-03T10:47:56","date_gmt":"2023-05-03T13:47:56","guid":{"rendered":"https:\/\/maricatotal.com.br\/site\/?p=50382"},"modified":"2023-05-03T18:09:50","modified_gmt":"2023-05-03T21:09:50","slug":"prefeitura-de-marica-realiza-cerimonia-em-comemoracao-aos-tres-anos-do-hospital-che-guevara","status":"publish","type":"post","link":"https:\/\/maricatotal.com.br\/site\/2023\/05\/03\/prefeitura-de-marica-realiza-cerimonia-em-comemoracao-aos-tres-anos-do-hospital-che-guevara\/","title":{"rendered":"Prefeitura de Maric\u00e1 realiza cerim\u00f4nia em comemora\u00e7\u00e3o aos tr\u00eas anos do Hospital Che Guevara"},"content":{"rendered":"<div class=\"postie-post\">\n<div dir='auto'>\n<div class=\"gmail_quote\" dir=\"auto\"><\/p>\n<blockquote class=\"quote\" style=\"margin:0 0 0 .8ex;border-left:1px #ccc solid;padding-left:1ex\">\n<div dir=\"ltr\">A Prefeitura de Maric\u00e1, por meio da Secretaria de Sa\u00fade, promove nesta quarta-feira (03\/05), \u00e0s 13h, uma cerim\u00f4nia em celebra\u00e7\u00e3o aos tr\u00eas anos de funcionamento do Hospital Municipal Dr. Ernesto Che Guevara, em S\u00e3o Jos\u00e9 do Imbassa\u00ed. O evento, voltado a gestores da cidade e profissionais que atuam na unidade, acontece na parte externa e contar\u00e1 com a participa\u00e7\u00e3o do prefeito Fabiano Horta e da secret\u00e1ria de Sa\u00fade, Solange Oliveira. <\/p>\n<p><b>Servi\u00e7o:<\/b><\/p>\n<div><b><br \/><\/b>Cerim\u00f4nia em comemora\u00e7\u00e3o aos tr\u00eas anos do Hospital Municipal Dr. Ernesto Che Guevara<br \/>Data: 03\/05 (quarta-feira)<br \/>Hor\u00e1rio: 13h<br \/>Local: Rodovia Amaral Peixoto, km 22, n\u00ba 9, S\u00e3o Jos\u00e9 do Imbassa\u00ed.<\/div>\n<\/div>\n<\/blockquote>\n<\/div>\n<p><\/div>\n<div id='gallery-1' class='gallery galleryid-50382 gallery-columns-3 gallery-size-colormag-featured-image'><figure class='gallery-item'>\n\t\t\t<div class='gallery-icon landscape'>\n\t\t\t\t<a href='https:\/\/maricatotal.com.br\/site\/2023\/05\/03\/prefeitura-de-marica-realiza-cerimonia-em-comemoracao-aos-tres-anos-do-hospital-che-guevara\/9dc606916e53279ed681093c5d0574a2\/'><img loading=\"lazy\" decoding=\"async\" width=\"800\" height=\"445\" src=\"https:\/\/maricatotal.com.br\/site\/wp-content\/uploads\/2023\/05\/9dc606916e53279ed681093c5d0574a2-800x445.jpg\" class=\"attachment-colormag-featured-image size-colormag-featured-image\" alt=\"\" \/><\/a>\n\t\t\t<\/div><\/figure>\n\t\t<\/div>\n<\/div>\n","protected":false},"excerpt":{"rendered":"<p>A Prefeitura de Maric\u00e1, por meio da Secretaria de Sa\u00fade, promove nesta quarta-feira (03\/05), \u00e0s 13h, uma cerim\u00f4nia em celebra\u00e7\u00e3o<\/p>\n","protected":false},"author":1,"featured_media":50383,"comment_status":"open","ping_status":"open","sticky":false,"template":"","format":"standard","meta":{"colormag_page_container_layout":"default_layout","colormag_page_sidebar_layout":"default_layout","footnotes":""},"categories":[14],"tags":[],"class_list":["post-50382","post","type-post","status-publish","format-standard","has-post-thumbnail","hentry","category-bairros"],"amp_enabled":true,"_links":{"self":[{"href":"https:\/\/maricatotal.com.br\/site\/wp-json\/wp\/v2\/posts\/50382","targetHints":{"allow":["GET"]}}],"collection":[{"href":"https:\/\/maricatotal.com.br\/site\/wp-json\/wp\/v2\/posts"}],"about":[{"href":"https:\/\/maricatotal.com.br\/site\/wp-json\/wp\/v2\/types\/post"}],"author":[{"embeddable":true,"href":"https:\/\/maricatotal.com.br\/site\/wp-json\/wp\/v2\/users\/1"}],"replies":[{"embeddable":true,"href":"https:\/\/maricatotal.com.br\/site\/wp-json\/wp\/v2\/comments?post=50382"}],"version-history":[{"count":1,"href":"https:\/\/maricatotal.com.br\/site\/wp-json\/wp\/v2\/posts\/50382\/revisions"}],"predecessor-version":[{"id":50422,"href":"https:\/\/maricatotal.com.br\/site\/wp-json\/wp\/v2\/posts\/50382\/revisions\/50422"}],"wp:featuredmedia":[{"embeddable":true,"href":"https:\/\/maricatotal.com.br\/site\/wp-json\/wp\/v2\/media\/50383"}],"wp:attachment":[{"href":"https:\/\/maricatotal.com.br\/site\/wp-json\/wp\/v2\/media?parent=50382"}],"wp:term":[{"taxonomy":"category","embeddable":true,"href":"https:\/\/maricatotal.com.br\/site\/wp-json\/wp\/v2\/categories?post=50382"},{"taxonomy":"post_tag","embeddable":true,"href":"https:\/\/maricatotal.com.br\/site\/wp-json\/wp\/v2\/tags?post=50382"}],"curies":[{"name":"wp","href":"https:\/\/api.w.org\/{rel}","templated":true}]}}