{"id":5051,"date":"2019-12-05T14:06:31","date_gmt":"2019-12-05T17:06:31","guid":{"rendered":"http:\/\/maricatotal.com.br\/site\/?p=5051"},"modified":"2019-12-05T14:10:51","modified_gmt":"2019-12-05T17:10:51","slug":"com-a-presenca-do-vereador-aldair-de-linda-redutor-de-velocidade-e-instalado-pela-prefeitura-em-itaipuacu","status":"publish","type":"post","link":"https:\/\/maricatotal.com.br\/site\/2019\/12\/05\/com-a-presenca-do-vereador-aldair-de-linda-redutor-de-velocidade-e-instalado-pela-prefeitura-em-itaipuacu\/","title":{"rendered":"COM A PRESEN\u00c7A DO VEREADOR ALDAIR DE LINDA, REDUTOR DE VELOCIDADE \u00c9 INSTALADO PELA PREFEITURA EM ITAIPUA\u00c7U"},"content":{"rendered":"\n<figure class=\"wp-block-image size-large\"><img loading=\"lazy\" decoding=\"async\" width=\"960\" height=\"720\" src=\"http:\/\/maricatotal.com.br\/site\/wp-content\/uploads\/2019\/12\/78413284_1135761136814505_8929280262999638016_n.jpg\" alt=\"\" class=\"wp-image-5052\" srcset=\"https:\/\/maricatotal.com.br\/site\/wp-content\/uploads\/2019\/12\/78413284_1135761136814505_8929280262999638016_n.jpg 960w, https:\/\/maricatotal.com.br\/site\/wp-content\/uploads\/2019\/12\/78413284_1135761136814505_8929280262999638016_n-300x225.jpg 300w, https:\/\/maricatotal.com.br\/site\/wp-content\/uploads\/2019\/12\/78413284_1135761136814505_8929280262999638016_n-768x576.jpg 768w\" sizes=\"auto, (max-width: 960px) 100vw, 960px\" \/><\/figure>\n\n\n\n<p>Um pedido da popula\u00e7\u00e3o de Itaipua\u00e7u foi atendido na manh\u00e3 desta quinta-feira (5). Foram instalados redutores de velocidade na Rua das A\u00e7ucenas com Rua das Margaridas, no Barroco, em Itaipua\u00e7u. <\/p>\n\n\n\n<p>Diversos acidentes foram registrados nesse cruzamento, considerado um perigo para todos. Um homem morreu na \u00faltima ter\u00e7a-feira (3) no local.<\/p>\n\n\n\n<p>O Secret\u00e1rio de Tr\u00e2nsito, Celso Netto, atendeu o pedido de todos os vereadores da C\u00e2mara Municipal de Maric\u00e1, e foi elogiado pelos companheiros e tamb\u00e9m pelos moradores da localidade. <\/p>\n\n\n\n<p>O vereador Aldair de Linda esteve presente na a\u00e7\u00e3o, que tem a finalidade de reduzir os acidentes que aconteciam com frequ\u00eancia no bairro.<\/p>\n\n\n\n<p> <\/p>\n","protected":false},"excerpt":{"rendered":"<p>Um pedido da popula\u00e7\u00e3o de Itaipua\u00e7u foi atendido na manh\u00e3 desta quinta-feira (5). Foram instalados redutores de velocidade na Rua<\/p>\n","protected":false},"author":1,"featured_media":0,"comment_status":"open","ping_status":"open","sticky":false,"template":"","format":"standard","meta":{"colormag_page_container_layout":"default_layout","colormag_page_sidebar_layout":"default_layout","footnotes":""},"categories":[14,17],"tags":[],"class_list":["post-5051","post","type-post","status-publish","format-standard","hentry","category-bairros","category-politica"],"amp_enabled":true,"_links":{"self":[{"href":"https:\/\/maricatotal.com.br\/site\/wp-json\/wp\/v2\/posts\/5051","targetHints":{"allow":["GET"]}}],"collection":[{"href":"https:\/\/maricatotal.com.br\/site\/wp-json\/wp\/v2\/posts"}],"about":[{"href":"https:\/\/maricatotal.com.br\/site\/wp-json\/wp\/v2\/types\/post"}],"author":[{"embeddable":true,"href":"https:\/\/maricatotal.com.br\/site\/wp-json\/wp\/v2\/users\/1"}],"replies":[{"embeddable":true,"href":"https:\/\/maricatotal.com.br\/site\/wp-json\/wp\/v2\/comments?post=5051"}],"version-history":[{"count":0,"href":"https:\/\/maricatotal.com.br\/site\/wp-json\/wp\/v2\/posts\/5051\/revisions"}],"wp:attachment":[{"href":"https:\/\/maricatotal.com.br\/site\/wp-json\/wp\/v2\/media?parent=5051"}],"wp:term":[{"taxonomy":"category","embeddable":true,"href":"https:\/\/maricatotal.com.br\/site\/wp-json\/wp\/v2\/categories?post=5051"},{"taxonomy":"post_tag","embeddable":true,"href":"https:\/\/maricatotal.com.br\/site\/wp-json\/wp\/v2\/tags?post=5051"}],"curies":[{"name":"wp","href":"https:\/\/api.w.org\/{rel}","templated":true}]}}