{"id":5060,"date":"2019-12-05T15:29:17","date_gmt":"2019-12-05T18:29:17","guid":{"rendered":"http:\/\/maricatotal.com.br\/site\/?p=5060"},"modified":"2019-12-05T16:25:56","modified_gmt":"2019-12-05T19:25:56","slug":"bandidos-que-estavam-assaltando-com-o-uniforme-da-prefeitura-de-marica-sao-presos-na-rj-106","status":"publish","type":"post","link":"https:\/\/maricatotal.com.br\/site\/2019\/12\/05\/bandidos-que-estavam-assaltando-com-o-uniforme-da-prefeitura-de-marica-sao-presos-na-rj-106\/","title":{"rendered":"BANDIDOS QUE ESTAVAM ASSALTANDO COM O UNIFORME DA PREFEITURA DE MARIC\u00c1 S\u00c3O PRESOS NA RJ-106"},"content":{"rendered":"\n<figure class=\"wp-block-image size-large\"><img loading=\"lazy\" decoding=\"async\" width=\"576\" height=\"1024\" src=\"http:\/\/maricatotal.com.br\/site\/wp-content\/uploads\/2019\/12\/WhatsApp-Image-2019-12-05-at-15.06.04-576x1024.jpeg\" alt=\"\" class=\"wp-image-5061\" srcset=\"https:\/\/maricatotal.com.br\/site\/wp-content\/uploads\/2019\/12\/WhatsApp-Image-2019-12-05-at-15.06.04-576x1024.jpeg 576w, https:\/\/maricatotal.com.br\/site\/wp-content\/uploads\/2019\/12\/WhatsApp-Image-2019-12-05-at-15.06.04-169x300.jpeg 169w, https:\/\/maricatotal.com.br\/site\/wp-content\/uploads\/2019\/12\/WhatsApp-Image-2019-12-05-at-15.06.04.jpeg 648w\" sizes=\"auto, (max-width: 576px) 100vw, 576px\" \/><figcaption>Foto: Maric\u00e1 Total.<\/figcaption><\/figure>\n\n\n\n<p>Dois homens que estavam assaltando em diversos bairros de Maric\u00e1 foram presos na tarde desta quinta-feira (5), na Rodovia Amaral Peixoto, a RJ-106, na altura de Itapeba. Os meliantes usavam o uniforme da Prefeitura para cometer os crimes.<\/p>\n\n\n\n<p>Segundo informa\u00e7\u00f5es levantadas pelo Site Maric\u00e1 Total, policiais militares da 6\u00aa Companhia de Maric\u00e1 montaram um cerco para prender os elementos, e foi um sucesso. <\/p>\n\n\n\n<p>Os meliantes cometeram alguns assaltos em Itaipua\u00e7u recentemente. Segundo uma v\u00edtima, eles chamaram no port\u00e3o dizendo ser funcion\u00e1rios da Prefeitura de Maric\u00e1, e logo em seguida sacaram as armas e anunciaram o assalto.<\/p>\n\n\n\n<p>Com a dupla foi apreendida uma r\u00e9plica de pistola e um revolve .38. Os dois homens foram encaminhados para a 82\u00ba DP (Maric\u00e1). <\/p>\n\n\n\n<p> Em atualiza\u00e7\u00e3o&#8230;  <\/p>\n\n\n\n<figure class=\"wp-block-image size-large\"><img loading=\"lazy\" decoding=\"async\" width=\"1024\" height=\"576\" src=\"http:\/\/maricatotal.com.br\/site\/wp-content\/uploads\/2019\/12\/WhatsApp-Image-2019-12-05-at-15.16.57-1024x576.jpeg\" alt=\"\" class=\"wp-image-5062\" srcset=\"https:\/\/maricatotal.com.br\/site\/wp-content\/uploads\/2019\/12\/WhatsApp-Image-2019-12-05-at-15.16.57-1024x576.jpeg 1024w, https:\/\/maricatotal.com.br\/site\/wp-content\/uploads\/2019\/12\/WhatsApp-Image-2019-12-05-at-15.16.57-300x169.jpeg 300w, https:\/\/maricatotal.com.br\/site\/wp-content\/uploads\/2019\/12\/WhatsApp-Image-2019-12-05-at-15.16.57-768x432.jpeg 768w, https:\/\/maricatotal.com.br\/site\/wp-content\/uploads\/2019\/12\/WhatsApp-Image-2019-12-05-at-15.16.57.jpeg 1280w\" sizes=\"auto, (max-width: 1024px) 100vw, 1024px\" \/><figcaption>Foto: Maric\u00e1 Total.<\/figcaption><\/figure>\n\n\n\n<figure class=\"wp-block-image size-large\"><img loading=\"lazy\" decoding=\"async\" width=\"768\" height=\"1024\" src=\"http:\/\/maricatotal.com.br\/site\/wp-content\/uploads\/2019\/12\/WhatsApp-Image-2019-12-05-at-14.57.37-1-1-768x1024.jpeg\" alt=\"\" class=\"wp-image-5067\" srcset=\"https:\/\/maricatotal.com.br\/site\/wp-content\/uploads\/2019\/12\/WhatsApp-Image-2019-12-05-at-14.57.37-1-1-768x1024.jpeg 768w, https:\/\/maricatotal.com.br\/site\/wp-content\/uploads\/2019\/12\/WhatsApp-Image-2019-12-05-at-14.57.37-1-1-225x300.jpeg 225w, https:\/\/maricatotal.com.br\/site\/wp-content\/uploads\/2019\/12\/WhatsApp-Image-2019-12-05-at-14.57.37-1-1.jpeg 864w\" sizes=\"auto, (max-width: 768px) 100vw, 768px\" \/><figcaption>Foto: Maric\u00e1 Total. <\/figcaption><\/figure>\n\n\n\n<figure class=\"wp-block-image size-large\"><img loading=\"lazy\" decoding=\"async\" width=\"859\" height=\"768\" src=\"http:\/\/maricatotal.com.br\/site\/wp-content\/uploads\/2019\/12\/WhatsApp-Image-2019-12-05-at-16.11.00.jpeg\" alt=\"\" class=\"wp-image-5069\" srcset=\"https:\/\/maricatotal.com.br\/site\/wp-content\/uploads\/2019\/12\/WhatsApp-Image-2019-12-05-at-16.11.00.jpeg 859w, https:\/\/maricatotal.com.br\/site\/wp-content\/uploads\/2019\/12\/WhatsApp-Image-2019-12-05-at-16.11.00-300x268.jpeg 300w, https:\/\/maricatotal.com.br\/site\/wp-content\/uploads\/2019\/12\/WhatsApp-Image-2019-12-05-at-16.11.00-768x687.jpeg 768w\" sizes=\"auto, (max-width: 859px) 100vw, 859px\" \/><figcaption>Foto: Redes Sociais. <\/figcaption><\/figure>\n","protected":false},"excerpt":{"rendered":"<p>Dois homens que estavam assaltando em diversos bairros de Maric\u00e1 foram presos na tarde desta quinta-feira (5), na Rodovia Amaral<\/p>\n","protected":false},"author":1,"featured_media":0,"comment_status":"open","ping_status":"open","sticky":false,"template":"","format":"standard","meta":{"colormag_page_container_layout":"default_layout","colormag_page_sidebar_layout":"default_layout","footnotes":""},"categories":[1],"tags":[],"class_list":["post-5060","post","type-post","status-publish","format-standard","hentry","category-noticias"],"amp_enabled":true,"_links":{"self":[{"href":"https:\/\/maricatotal.com.br\/site\/wp-json\/wp\/v2\/posts\/5060","targetHints":{"allow":["GET"]}}],"collection":[{"href":"https:\/\/maricatotal.com.br\/site\/wp-json\/wp\/v2\/posts"}],"about":[{"href":"https:\/\/maricatotal.com.br\/site\/wp-json\/wp\/v2\/types\/post"}],"author":[{"embeddable":true,"href":"https:\/\/maricatotal.com.br\/site\/wp-json\/wp\/v2\/users\/1"}],"replies":[{"embeddable":true,"href":"https:\/\/maricatotal.com.br\/site\/wp-json\/wp\/v2\/comments?post=5060"}],"version-history":[{"count":0,"href":"https:\/\/maricatotal.com.br\/site\/wp-json\/wp\/v2\/posts\/5060\/revisions"}],"wp:attachment":[{"href":"https:\/\/maricatotal.com.br\/site\/wp-json\/wp\/v2\/media?parent=5060"}],"wp:term":[{"taxonomy":"category","embeddable":true,"href":"https:\/\/maricatotal.com.br\/site\/wp-json\/wp\/v2\/categories?post=5060"},{"taxonomy":"post_tag","embeddable":true,"href":"https:\/\/maricatotal.com.br\/site\/wp-json\/wp\/v2\/tags?post=5060"}],"curies":[{"name":"wp","href":"https:\/\/api.w.org\/{rel}","templated":true}]}}