{"id":50648,"date":"2023-05-08T20:56:20","date_gmt":"2023-05-08T23:56:20","guid":{"rendered":"https:\/\/maricatotal.com.br\/site\/?p=50648"},"modified":"2023-05-08T20:58:02","modified_gmt":"2023-05-08T23:58:02","slug":"prefeitura-de-marica-divulga-nova-data-do-primeiro-bike-night-2023","status":"publish","type":"post","link":"https:\/\/maricatotal.com.br\/site\/2023\/05\/08\/prefeitura-de-marica-divulga-nova-data-do-primeiro-bike-night-2023\/","title":{"rendered":"Prefeitura de Maric\u00e1 divulga nova data do primeiro Bike Night 2023"},"content":{"rendered":"<div class=\"postie-post\">\n<div dir='auto'>\n<div class=\"gmail_quote\" dir=\"auto\"><b>Prefeitura de Maric\u00e1 divulga nova data do primeiro Bike Night 2023<\/b><\/p>\n<blockquote class=\"quote\" style=\"margin:0 0 0 .8ex;border-left:1px #ccc solid;padding-left:1ex\">\n<div dir=\"auto\">\n<div dir=\"auto\" class=\"elided-text\">\n<blockquote style=\"margin:0 0 0 0.8ex;border-left:1px #ccc solid;padding-left:1ex\">\n<div dir=\"ltr\">\n<div><i>Edi\u00e7\u00e3o em homenagem ao Dia das M\u00e3es acontecer\u00e1 no dia 16 de maio, a partir das 18h, no Centro<br \/><\/i><br \/>A Prefeitura de Maric\u00e1, por meio da Secretaria de Esporte e Lazer, realiza no dia 16 de maio, na Pra\u00e7a Orlando de Barros Pimentel, no Centro, a partir das 18h, a primeira edi\u00e7\u00e3o do Bike Night de 2023. O passeio cicl\u00edstico, que incentiva a pr\u00e1tica de atividades f\u00edsicas na cidade, far\u00e1 uma homenagem especial ao Dia das M\u00e3es. Vale destacar que as inscri\u00e7\u00f5es feitas para edi\u00e7\u00e3o de P\u00e1scoa est\u00e3o mantidas. <\/p>\n<p>As inscri\u00e7\u00f5es, gratuitas, podem ser feitas de forma presencial na sede da Secretaria, que fica na Avenida Roberto Silveira, n\u00b046, 2\u00ba andar, Centro, na Arena Flamengo ou pelo e-mail: <a href=\"mailto:bikenight.esportemarica@gmail.com\"><a href=\"mailto:bikenight.esportemarica@gmail.com\">bikenight.esportemarica@gmail.com<\/a><\/a>, informando nome completo, endere\u00e7o, telefone e endere\u00e7o de e-mail.<\/p>\n<p>Os inscritos participar\u00e3o do sorteio de brindes doados por comerciantes parceiros do evento. O Bike Night \u00e9 realizado desde 2018, o evento \u00e9 um passeio cicl\u00edstico noturno que une atividade f\u00edsica e lazer. A iniciativa \u00e9 aberta para todas as idades, lembrando que crian\u00e7as e adolescentes devem estar acompanhados do respons\u00e1vel.<br \/><b><br \/>Servi\u00e7o<br \/><\/b>Bike Night 2023<br \/>Dia: 16 de maio<br \/>Hor\u00e1rio: a partir das 18h<br \/>Local: Pra\u00e7a Orlando de Barros Pimentel, no Centro<\/div>\n<\/div>\n<\/blockquote>\n<\/div>\n<\/div>\n<\/blockquote>\n<\/div>\n<\/div>\n<div id='gallery-1' class='gallery galleryid-50648 gallery-columns-3 gallery-size-colormag-featured-image'><figure class='gallery-item'>\n\t\t\t<div class='gallery-icon landscape'>\n\t\t\t\t<a href='https:\/\/maricatotal.com.br\/site\/2023\/05\/08\/prefeitura-de-marica-divulga-nova-data-do-primeiro-bike-night-2023\/image-1-3\/'><img loading=\"lazy\" decoding=\"async\" width=\"800\" height=\"445\" src=\"https:\/\/maricatotal.com.br\/site\/wp-content\/uploads\/2023\/05\/image-1-800x445.png\" class=\"attachment-colormag-featured-image size-colormag-featured-image\" alt=\"\" \/><\/a>\n\t\t\t<\/div><\/figure>\n\t\t<\/div>\n<\/div>\n","protected":false},"excerpt":{"rendered":"<p>Prefeitura de Maric\u00e1 divulga nova data do primeiro Bike Night 2023 Edi\u00e7\u00e3o em homenagem ao Dia das M\u00e3es acontecer\u00e1 no<\/p>\n","protected":false},"author":1,"featured_media":50649,"comment_status":"open","ping_status":"open","sticky":false,"template":"","format":"standard","meta":{"colormag_page_container_layout":"default_layout","colormag_page_sidebar_layout":"default_layout","footnotes":""},"categories":[14],"tags":[],"class_list":["post-50648","post","type-post","status-publish","format-standard","has-post-thumbnail","hentry","category-bairros"],"amp_enabled":true,"_links":{"self":[{"href":"https:\/\/maricatotal.com.br\/site\/wp-json\/wp\/v2\/posts\/50648","targetHints":{"allow":["GET"]}}],"collection":[{"href":"https:\/\/maricatotal.com.br\/site\/wp-json\/wp\/v2\/posts"}],"about":[{"href":"https:\/\/maricatotal.com.br\/site\/wp-json\/wp\/v2\/types\/post"}],"author":[{"embeddable":true,"href":"https:\/\/maricatotal.com.br\/site\/wp-json\/wp\/v2\/users\/1"}],"replies":[{"embeddable":true,"href":"https:\/\/maricatotal.com.br\/site\/wp-json\/wp\/v2\/comments?post=50648"}],"version-history":[{"count":0,"href":"https:\/\/maricatotal.com.br\/site\/wp-json\/wp\/v2\/posts\/50648\/revisions"}],"wp:featuredmedia":[{"embeddable":true,"href":"https:\/\/maricatotal.com.br\/site\/wp-json\/wp\/v2\/media\/50649"}],"wp:attachment":[{"href":"https:\/\/maricatotal.com.br\/site\/wp-json\/wp\/v2\/media?parent=50648"}],"wp:term":[{"taxonomy":"category","embeddable":true,"href":"https:\/\/maricatotal.com.br\/site\/wp-json\/wp\/v2\/categories?post=50648"},{"taxonomy":"post_tag","embeddable":true,"href":"https:\/\/maricatotal.com.br\/site\/wp-json\/wp\/v2\/tags?post=50648"}],"curies":[{"name":"wp","href":"https:\/\/api.w.org\/{rel}","templated":true}]}}