{"id":5171,"date":"2019-12-09T18:24:48","date_gmt":"2019-12-09T21:24:48","guid":{"rendered":"http:\/\/maricatotal.com.br\/site\/?p=5171"},"modified":"2019-12-09T18:24:50","modified_gmt":"2019-12-09T21:24:50","slug":"gabriel-costa-recebe-premio-de-melhor-atleta-do-ano-meio-pesado-de-luta-livre-esportiva","status":"publish","type":"post","link":"https:\/\/maricatotal.com.br\/site\/2019\/12\/09\/gabriel-costa-recebe-premio-de-melhor-atleta-do-ano-meio-pesado-de-luta-livre-esportiva\/","title":{"rendered":"GABRIEL COSTA RECEBE PR\u00caMIO DE MELHOR ATLETA DO ANO MEIO-PESADO DE LUTA LIVRE ESPORTIVA"},"content":{"rendered":"\n<figure class=\"wp-block-image size-large\"><img loading=\"lazy\" decoding=\"async\" width=\"720\" height=\"713\" src=\"http:\/\/maricatotal.com.br\/site\/wp-content\/uploads\/2019\/12\/WhatsApp-Image-2019-12-09-at-17.51.36-1.jpeg\" alt=\"\" class=\"wp-image-5166\" srcset=\"https:\/\/maricatotal.com.br\/site\/wp-content\/uploads\/2019\/12\/WhatsApp-Image-2019-12-09-at-17.51.36-1.jpeg 720w, https:\/\/maricatotal.com.br\/site\/wp-content\/uploads\/2019\/12\/WhatsApp-Image-2019-12-09-at-17.51.36-1-300x297.jpeg 300w, https:\/\/maricatotal.com.br\/site\/wp-content\/uploads\/2019\/12\/WhatsApp-Image-2019-12-09-at-17.51.36-1-150x150.jpeg 150w\" sizes=\"auto, (max-width: 720px) 100vw, 720px\" \/><\/figure>\n\n\n\n<p>Gabriel Silva recebeu o Certificado de Melhor Atleta na Categoria Amarelo\/Laranja Meio Pesado de 18 \u00e0 30 anos em 2019. O pr\u00eamio foi entregue pela Confedera\u00e7\u00e3o Brasileira de Luta Livre Esportiva (CBLLE), no \u00faltimo domingo (8), no Clube Boqueir\u00e3o do Passeio, no Rio de Janeiro.<\/p>\n\n\n\n<p>O jovem de 17 anos \u00e9 atleta da Equipe Rob\u00e9rio Souza Team, e tamb\u00e9m recebeu este pr\u00eamio no ano de 2018. Gabriel fez incr\u00edveis 2.400,00 (dois mil e quatrocentos) pontos neste ano.<\/p>\n\n\n\n<p>O lutador falou a import\u00e2ncia de ter conquistado novamente o t\u00edtulo de Melhor Atleta da sua Categoria.<\/p>\n\n\n\n<p>\u201dMuito importante ser o melhor do ano na Categoria. Seguir invicto, todo dia de treino est\u00e1 sendo recompensando!\u201d<\/p>\n\n\n\n<figure class=\"wp-block-gallery columns-1 is-cropped wp-block-gallery-1 is-layout-flex wp-block-gallery-is-layout-flex\"><ul class=\"blocks-gallery-grid\"><li class=\"blocks-gallery-item\"><figure><img loading=\"lazy\" decoding=\"async\" width=\"596\" height=\"351\" src=\"http:\/\/maricatotal.com.br\/site\/wp-content\/uploads\/2019\/12\/WhatsApp-Image-2019-12-09-at-18.04.10.jpeg\" alt=\"\" data-id=\"5165\" data-full-url=\"http:\/\/maricatotal.com.br\/site\/wp-content\/uploads\/2019\/12\/WhatsApp-Image-2019-12-09-at-18.04.10.jpeg\" data-link=\"http:\/\/maricatotal.com.br\/site\/2019\/12\/09\/gabriel-silva-recebe-premio-de-melhor-atleta-do-ano-meio-pesado-de-luta-livre-esportiva\/whatsapp-image-2019-12-09-at-18-04-10\/\" class=\"wp-image-5165\" srcset=\"https:\/\/maricatotal.com.br\/site\/wp-content\/uploads\/2019\/12\/WhatsApp-Image-2019-12-09-at-18.04.10.jpeg 596w, https:\/\/maricatotal.com.br\/site\/wp-content\/uploads\/2019\/12\/WhatsApp-Image-2019-12-09-at-18.04.10-300x177.jpeg 300w\" sizes=\"auto, (max-width: 596px) 100vw, 596px\" \/><\/figure><\/li><\/ul><\/figure>\n","protected":false},"excerpt":{"rendered":"<p>Gabriel Silva recebeu o Certificado de Melhor Atleta na Categoria Amarelo\/Laranja Meio Pesado de 18 \u00e0 30 anos em 2019.<\/p>\n","protected":false},"author":1,"featured_media":0,"comment_status":"open","ping_status":"open","sticky":false,"template":"","format":"standard","meta":{"colormag_page_container_layout":"default_layout","colormag_page_sidebar_layout":"default_layout","footnotes":""},"categories":[15],"tags":[],"class_list":["post-5171","post","type-post","status-publish","format-standard","hentry","category-esporte"],"amp_enabled":true,"_links":{"self":[{"href":"https:\/\/maricatotal.com.br\/site\/wp-json\/wp\/v2\/posts\/5171","targetHints":{"allow":["GET"]}}],"collection":[{"href":"https:\/\/maricatotal.com.br\/site\/wp-json\/wp\/v2\/posts"}],"about":[{"href":"https:\/\/maricatotal.com.br\/site\/wp-json\/wp\/v2\/types\/post"}],"author":[{"embeddable":true,"href":"https:\/\/maricatotal.com.br\/site\/wp-json\/wp\/v2\/users\/1"}],"replies":[{"embeddable":true,"href":"https:\/\/maricatotal.com.br\/site\/wp-json\/wp\/v2\/comments?post=5171"}],"version-history":[{"count":0,"href":"https:\/\/maricatotal.com.br\/site\/wp-json\/wp\/v2\/posts\/5171\/revisions"}],"wp:attachment":[{"href":"https:\/\/maricatotal.com.br\/site\/wp-json\/wp\/v2\/media?parent=5171"}],"wp:term":[{"taxonomy":"category","embeddable":true,"href":"https:\/\/maricatotal.com.br\/site\/wp-json\/wp\/v2\/categories?post=5171"},{"taxonomy":"post_tag","embeddable":true,"href":"https:\/\/maricatotal.com.br\/site\/wp-json\/wp\/v2\/tags?post=5171"}],"curies":[{"name":"wp","href":"https:\/\/api.w.org\/{rel}","templated":true}]}}