{"id":5190,"date":"2019-12-09T20:28:40","date_gmt":"2019-12-09T23:28:40","guid":{"rendered":"http:\/\/maricatotal.com.br\/site\/?p=5190"},"modified":"2019-12-09T20:28:43","modified_gmt":"2019-12-09T23:28:43","slug":"bebe-nasce-dentro-da-van-a-caminho-da-maternidade-em-marica","status":"publish","type":"post","link":"https:\/\/maricatotal.com.br\/site\/2019\/12\/09\/bebe-nasce-dentro-da-van-a-caminho-da-maternidade-em-marica\/","title":{"rendered":"BEB\u00ca NASCE DENTRO DA VAN A CAMINHO DA MATERNIDADE, EM MARIC\u00c1"},"content":{"rendered":"\n<figure class=\"wp-block-gallery columns-1 is-cropped wp-block-gallery-1 is-layout-flex wp-block-gallery-is-layout-flex\"><ul class=\"blocks-gallery-grid\"><li class=\"blocks-gallery-item\"><figure><img loading=\"lazy\" decoding=\"async\" width=\"544\" height=\"478\" src=\"http:\/\/maricatotal.com.br\/site\/wp-content\/uploads\/2019\/12\/15.png\" alt=\"\" data-id=\"5191\" data-full-url=\"http:\/\/maricatotal.com.br\/site\/wp-content\/uploads\/2019\/12\/15.png\" data-link=\"http:\/\/maricatotal.com.br\/site\/?attachment_id=5191\" class=\"wp-image-5191\" srcset=\"https:\/\/maricatotal.com.br\/site\/wp-content\/uploads\/2019\/12\/15.png 544w, https:\/\/maricatotal.com.br\/site\/wp-content\/uploads\/2019\/12\/15-300x264.png 300w\" sizes=\"auto, (max-width: 544px) 100vw, 544px\" \/><\/figure><\/li><\/ul><\/figure>\n\n\n\n<p>Na tarde desta segunda-feira (9), uma mulher entrou em trabalho de parto em uma van de transporte alternativo, no Centro de Maric\u00e1.<\/p>\n\n\n\n<p>Segundo informa\u00e7\u00f5es levantadas pelo Site Maric\u00e1 Total, a mulher come\u00e7ou a passar mal na van que seguia de S\u00e3o Jos\u00e9 do Imbassa\u00ed para o Centro, entrando em trabalho de parto. <\/p>\n\n\n\n<p>O motorista percebeu o perigo e seguiu para o Hospital Municipal Conde Modesto Leal, aonde uma equipe m\u00e9dica j\u00e1 estava preparada para fazer o parto, que pelo tempo, aconteceu dentro da van. <\/p>\n\n\n\n<p>A m\u00e3e e o beb\u00ea passam bem e est\u00e3o em observa\u00e7\u00e3o. <\/p>\n","protected":false},"excerpt":{"rendered":"<p>Na tarde desta segunda-feira (9), uma mulher entrou em trabalho de parto em uma van de transporte alternativo, no Centro<\/p>\n","protected":false},"author":1,"featured_media":0,"comment_status":"open","ping_status":"open","sticky":false,"template":"","format":"standard","meta":{"colormag_page_container_layout":"default_layout","colormag_page_sidebar_layout":"default_layout","footnotes":""},"categories":[1],"tags":[],"class_list":["post-5190","post","type-post","status-publish","format-standard","hentry","category-noticias"],"amp_enabled":true,"_links":{"self":[{"href":"https:\/\/maricatotal.com.br\/site\/wp-json\/wp\/v2\/posts\/5190","targetHints":{"allow":["GET"]}}],"collection":[{"href":"https:\/\/maricatotal.com.br\/site\/wp-json\/wp\/v2\/posts"}],"about":[{"href":"https:\/\/maricatotal.com.br\/site\/wp-json\/wp\/v2\/types\/post"}],"author":[{"embeddable":true,"href":"https:\/\/maricatotal.com.br\/site\/wp-json\/wp\/v2\/users\/1"}],"replies":[{"embeddable":true,"href":"https:\/\/maricatotal.com.br\/site\/wp-json\/wp\/v2\/comments?post=5190"}],"version-history":[{"count":0,"href":"https:\/\/maricatotal.com.br\/site\/wp-json\/wp\/v2\/posts\/5190\/revisions"}],"wp:attachment":[{"href":"https:\/\/maricatotal.com.br\/site\/wp-json\/wp\/v2\/media?parent=5190"}],"wp:term":[{"taxonomy":"category","embeddable":true,"href":"https:\/\/maricatotal.com.br\/site\/wp-json\/wp\/v2\/categories?post=5190"},{"taxonomy":"post_tag","embeddable":true,"href":"https:\/\/maricatotal.com.br\/site\/wp-json\/wp\/v2\/tags?post=5190"}],"curies":[{"name":"wp","href":"https:\/\/api.w.org\/{rel}","templated":true}]}}