{"id":5193,"date":"2019-12-10T07:33:36","date_gmt":"2019-12-10T10:33:36","guid":{"rendered":"http:\/\/maricatotal.com.br\/site\/?p=5193"},"modified":"2019-12-10T07:33:38","modified_gmt":"2019-12-10T10:33:38","slug":"protetor-solar-e-disponibilizado-de-graca-pela-prefeitura-de-marica","status":"publish","type":"post","link":"https:\/\/maricatotal.com.br\/site\/2019\/12\/10\/protetor-solar-e-disponibilizado-de-graca-pela-prefeitura-de-marica\/","title":{"rendered":"PROTETOR SOLAR \u00c9 DISPONIBILIZADO DE GRA\u00c7A PELA PREFEITURA DE MARIC\u00c1"},"content":{"rendered":"\n<figure class=\"wp-block-image size-large\"><img loading=\"lazy\" decoding=\"async\" width=\"1024\" height=\"682\" src=\"http:\/\/maricatotal.com.br\/site\/wp-content\/uploads\/2019\/12\/WhatsApp-Image-2019-12-09-at-17.15.26-1-1024x682.jpeg\" alt=\"\" class=\"wp-image-5194\" srcset=\"https:\/\/maricatotal.com.br\/site\/wp-content\/uploads\/2019\/12\/WhatsApp-Image-2019-12-09-at-17.15.26-1-1024x682.jpeg 1024w, https:\/\/maricatotal.com.br\/site\/wp-content\/uploads\/2019\/12\/WhatsApp-Image-2019-12-09-at-17.15.26-1-300x200.jpeg 300w, https:\/\/maricatotal.com.br\/site\/wp-content\/uploads\/2019\/12\/WhatsApp-Image-2019-12-09-at-17.15.26-1-768x512.jpeg 768w, https:\/\/maricatotal.com.br\/site\/wp-content\/uploads\/2019\/12\/WhatsApp-Image-2019-12-09-at-17.15.26-1.jpeg 1280w\" sizes=\"auto, (max-width: 1024px) 100vw, 1024px\" \/><\/figure>\n\n\n\n<p>T\u00f3tens com frascos de protetor solar para aplica\u00e7\u00e3o gratuita foram instalados recentemente pela Prefeitura de Maric\u00e1 no cal\u00e7ad\u00e3o das Lagoas de Ara\u00e7atiba e das Amendoeiras. No \u00faltimo domingo, dia 08\/12, em que ap\u00f3s um per\u00edodo de chuvas, o sol voltou a ficar forte, moradores aproveitavam a novidade na orla de&nbsp;Ara\u00e7atiba.<\/p>\n\n\n\n<p>Paulo Eduardo Menezes (40 anos) era um deles. \u201cMoro em Niter\u00f3i, mas estou visitando a cidade por conta da decora\u00e7\u00e3o de Natal. A\u00ed vim com minha fam\u00edlia passear aqui. Achei essa iniciativa muito interessante, j\u00e1 que muitas vezes acabamos saindo de casa sem passar protetor. Isso aqui facilita nossa vida pelo fato de na rua, a gente estar precisando de passar protetor. Assim evitamos o c\u00e2ncer de pele e uma s\u00e9rie de problemas dermatol\u00f3gicos\u201d, justificou.<\/p>\n\n\n\n<p>O aparelho tamb\u00e9m chamou aten\u00e7\u00e3o do pequeno D\u00e1rio Henrique (9 anos) que, ao lado dos pais, largou a bola de futebol para passar o protetor. \u201cEu j\u00e1 conhecia Maric\u00e1 e vim para jogar no cal\u00e7ad\u00e3o. Eu passei protetor solar algumas vezes para n\u00e3o ficar queimado. Onde eu moro, n\u00e3o tem protetor assim. Seria muito bom que tivesse. \u00c9 de gra\u00e7a\u201d, disse sorrindo.<\/p>\n\n\n\n<p>M\u00e3e do menino, Shirley Mello (39 anos) completou: \u201cEu estou desde ontem na cidade passeando. E achei \u00f3timo ter esse protetor solar assim no cal\u00e7ad\u00e3o. Acho fundamental, principalmente nesse sol de hoje em dia, que est\u00e1 de rachar, ter esse protetor solar assim. Show de bola\u201d, afirmou a moradora de Piratininga, enquanto passava o protetor em seu rosto.<\/p>\n","protected":false},"excerpt":{"rendered":"<p>T\u00f3tens com frascos de protetor solar para aplica\u00e7\u00e3o gratuita foram instalados recentemente pela Prefeitura de Maric\u00e1 no cal\u00e7ad\u00e3o das Lagoas<\/p>\n","protected":false},"author":1,"featured_media":0,"comment_status":"open","ping_status":"open","sticky":false,"template":"","format":"standard","meta":{"colormag_page_container_layout":"default_layout","colormag_page_sidebar_layout":"default_layout","footnotes":""},"categories":[18],"tags":[],"class_list":["post-5193","post","type-post","status-publish","format-standard","hentry","category-entretenimento"],"amp_enabled":true,"_links":{"self":[{"href":"https:\/\/maricatotal.com.br\/site\/wp-json\/wp\/v2\/posts\/5193","targetHints":{"allow":["GET"]}}],"collection":[{"href":"https:\/\/maricatotal.com.br\/site\/wp-json\/wp\/v2\/posts"}],"about":[{"href":"https:\/\/maricatotal.com.br\/site\/wp-json\/wp\/v2\/types\/post"}],"author":[{"embeddable":true,"href":"https:\/\/maricatotal.com.br\/site\/wp-json\/wp\/v2\/users\/1"}],"replies":[{"embeddable":true,"href":"https:\/\/maricatotal.com.br\/site\/wp-json\/wp\/v2\/comments?post=5193"}],"version-history":[{"count":0,"href":"https:\/\/maricatotal.com.br\/site\/wp-json\/wp\/v2\/posts\/5193\/revisions"}],"wp:attachment":[{"href":"https:\/\/maricatotal.com.br\/site\/wp-json\/wp\/v2\/media?parent=5193"}],"wp:term":[{"taxonomy":"category","embeddable":true,"href":"https:\/\/maricatotal.com.br\/site\/wp-json\/wp\/v2\/categories?post=5193"},{"taxonomy":"post_tag","embeddable":true,"href":"https:\/\/maricatotal.com.br\/site\/wp-json\/wp\/v2\/tags?post=5193"}],"curies":[{"name":"wp","href":"https:\/\/api.w.org\/{rel}","templated":true}]}}