{"id":5213,"date":"2019-12-10T19:07:16","date_gmt":"2019-12-10T22:07:16","guid":{"rendered":"http:\/\/maricatotal.com.br\/site\/?p=5213"},"modified":"2019-12-10T19:07:18","modified_gmt":"2019-12-10T22:07:18","slug":"estrada-do-boqueirao-passa-por-recapeamento-durante-a-noite","status":"publish","type":"post","link":"https:\/\/maricatotal.com.br\/site\/2019\/12\/10\/estrada-do-boqueirao-passa-por-recapeamento-durante-a-noite\/","title":{"rendered":"ESTRADA DO BOQUEIR\u00c3O PASSA POR RECAPEAMENTO DURANTE A NOITE"},"content":{"rendered":"\n<figure class=\"wp-block-image size-large\"><img loading=\"lazy\" decoding=\"async\" width=\"1024\" height=\"768\" src=\"http:\/\/maricatotal.com.br\/site\/wp-content\/uploads\/2019\/12\/WhatsApp-Image-2019-12-09-at-23.29.28-1024x768.jpeg\" alt=\"\" class=\"wp-image-5214\" srcset=\"https:\/\/maricatotal.com.br\/site\/wp-content\/uploads\/2019\/12\/WhatsApp-Image-2019-12-09-at-23.29.28-1024x768.jpeg 1024w, https:\/\/maricatotal.com.br\/site\/wp-content\/uploads\/2019\/12\/WhatsApp-Image-2019-12-09-at-23.29.28-300x225.jpeg 300w, https:\/\/maricatotal.com.br\/site\/wp-content\/uploads\/2019\/12\/WhatsApp-Image-2019-12-09-at-23.29.28-768x576.jpeg 768w, https:\/\/maricatotal.com.br\/site\/wp-content\/uploads\/2019\/12\/WhatsApp-Image-2019-12-09-at-23.29.28.jpeg 1280w\" sizes=\"auto, (max-width: 1024px) 100vw, 1024px\" \/><\/figure>\n\n\n\n<p>A principal via de acesso do centro de Maric\u00e1 \u00e0 regi\u00e3o litor\u00e2nea da cidade est\u00e1 passando pela segunda etapa de recapeamento. A Prefeitura de Maric\u00e1 atuou durante a noite e madrugada na fresagem e pavimenta\u00e7\u00e3o da Avenida Ivan Mundim (antiga Estrada do Boqueir\u00e3o), que vai seguir at\u00e9 a Pra\u00e7a da Bandeira. Nesta segunda-feira (09\/12), homens e m\u00e1quinas realizaram o servi\u00e7o no trecho entre a orla de Ara\u00e7atiba e a altura da Rua 77.<\/p>\n\n\n\n<p>De acordo com autarquia de Servi\u00e7os de Obras de Maric\u00e1 (SOMAR), o trabalho na via ser\u00e1 sempre executado no per\u00edodo noturno, entre 20h e 4h, para que n\u00e3o haja transtornos no tr\u00e2nsito. O projeto para a avenida prev\u00ea a marca\u00e7\u00e3o de uma ciclofaixa no trecho. A previs\u00e3o \u00e9 que a obra esteja finalizada at\u00e9 a pr\u00f3xima semana.<\/p>\n\n\n\n<p>Desde o ano passado, a antiga Estrada do Boqueir\u00e3o vem passando por uma s\u00e9rie de melhorias em seu piso, que incluiu uma nova sinaliza\u00e7\u00e3o e a pintura da ciclofaixa que vai da orla de Ara\u00e7atiba at\u00e9 a rotat\u00f3ria de Zacarias.<\/p>\n\n\n\n<p>Outra mudan\u00e7a significativa foi a revitaliza\u00e7\u00e3o da orla da lagoa junto \u00e0 ponte, que foi transformada na Orla Z\u00e9 Garoto (homenagem aos visitantes da vizinha S\u00e3o Gon\u00e7alo) e virou um ponto tur\u00edstico muito frequentado na cidade.<\/p>\n","protected":false},"excerpt":{"rendered":"<p>A principal via de acesso do centro de Maric\u00e1 \u00e0 regi\u00e3o litor\u00e2nea da cidade est\u00e1 passando pela segunda etapa de<\/p>\n","protected":false},"author":1,"featured_media":0,"comment_status":"open","ping_status":"open","sticky":false,"template":"","format":"standard","meta":{"colormag_page_container_layout":"default_layout","colormag_page_sidebar_layout":"default_layout","footnotes":""},"categories":[14],"tags":[],"class_list":["post-5213","post","type-post","status-publish","format-standard","hentry","category-bairros"],"amp_enabled":true,"_links":{"self":[{"href":"https:\/\/maricatotal.com.br\/site\/wp-json\/wp\/v2\/posts\/5213","targetHints":{"allow":["GET"]}}],"collection":[{"href":"https:\/\/maricatotal.com.br\/site\/wp-json\/wp\/v2\/posts"}],"about":[{"href":"https:\/\/maricatotal.com.br\/site\/wp-json\/wp\/v2\/types\/post"}],"author":[{"embeddable":true,"href":"https:\/\/maricatotal.com.br\/site\/wp-json\/wp\/v2\/users\/1"}],"replies":[{"embeddable":true,"href":"https:\/\/maricatotal.com.br\/site\/wp-json\/wp\/v2\/comments?post=5213"}],"version-history":[{"count":0,"href":"https:\/\/maricatotal.com.br\/site\/wp-json\/wp\/v2\/posts\/5213\/revisions"}],"wp:attachment":[{"href":"https:\/\/maricatotal.com.br\/site\/wp-json\/wp\/v2\/media?parent=5213"}],"wp:term":[{"taxonomy":"category","embeddable":true,"href":"https:\/\/maricatotal.com.br\/site\/wp-json\/wp\/v2\/categories?post=5213"},{"taxonomy":"post_tag","embeddable":true,"href":"https:\/\/maricatotal.com.br\/site\/wp-json\/wp\/v2\/tags?post=5213"}],"curies":[{"name":"wp","href":"https:\/\/api.w.org\/{rel}","templated":true}]}}