{"id":5245,"date":"2019-12-11T15:49:27","date_gmt":"2019-12-11T18:49:27","guid":{"rendered":"http:\/\/maricatotal.com.br\/site\/?p=5245"},"modified":"2019-12-11T15:50:34","modified_gmt":"2019-12-11T18:50:34","slug":"victor-bernardo-presidente-do-movimento-juventude-em-acao-recebe-mocao-de-aplausos-na-camara-dos-vereadores","status":"publish","type":"post","link":"https:\/\/maricatotal.com.br\/site\/2019\/12\/11\/victor-bernardo-presidente-do-movimento-juventude-em-acao-recebe-mocao-de-aplausos-na-camara-dos-vereadores\/","title":{"rendered":"VICTOR BERNARDO, PRESIDENTE DO MOVIMENTO JUVENTUDE EM A\u00c7\u00c3O, RECEBE MO\u00c7\u00c3O DE APLAUSOS NA C\u00c2MARA DOS VEREADORES"},"content":{"rendered":"\n<figure class=\"wp-block-image size-large\"><img loading=\"lazy\" decoding=\"async\" width=\"1017\" height=\"1024\" src=\"http:\/\/maricatotal.com.br\/site\/wp-content\/uploads\/2019\/12\/F1B1F7CE-5546-4B00-9D06-70A716BAE378-1017x1024.jpeg\" alt=\"\" class=\"wp-image-5246\" srcset=\"https:\/\/maricatotal.com.br\/site\/wp-content\/uploads\/2019\/12\/F1B1F7CE-5546-4B00-9D06-70A716BAE378-1017x1024.jpeg 1017w, https:\/\/maricatotal.com.br\/site\/wp-content\/uploads\/2019\/12\/F1B1F7CE-5546-4B00-9D06-70A716BAE378-298x300.jpeg 298w, https:\/\/maricatotal.com.br\/site\/wp-content\/uploads\/2019\/12\/F1B1F7CE-5546-4B00-9D06-70A716BAE378-150x150.jpeg 150w, https:\/\/maricatotal.com.br\/site\/wp-content\/uploads\/2019\/12\/F1B1F7CE-5546-4B00-9D06-70A716BAE378-768x774.jpeg 768w, https:\/\/maricatotal.com.br\/site\/wp-content\/uploads\/2019\/12\/F1B1F7CE-5546-4B00-9D06-70A716BAE378.jpeg 1242w\" sizes=\"auto, (max-width: 1017px) 100vw, 1017px\" \/><figcaption>Foto: Reprodu\u00e7\u00e3o.<\/figcaption><\/figure>\n\n\n\n<p>Foi concedido por iniciativa do vereador Alberto da Maricaense, uma mo\u00e7\u00e3o de aplausos para o idealizador do Movimento Social Juventude em A\u00e7\u00e3o, Victor Bernardo. A homenagem aconteceu na manh\u00e3 desta quarta-feira (11), ap\u00f3s a sess\u00e3o ordin\u00e1ria.<\/p>\n\n\n\n<p>O jovem possui 21 anos de idade e h\u00e1 5 anos realiza o trabalho social em prol da popula\u00e7\u00e3o de Maric\u00e1. <br><br> Em 2017, Victor Bernardo foi destaque na C\u00e2mara Municipal de S\u00e3o Gon\u00e7alo, recebendo duas mo\u00e7\u00f5es de aplausos por realizar um trabalho social que se tornou refer\u00eancia para os jovens da cidade. <\/p>\n\n\n\n<p> O jovem comentou sobre a homenagem recebida.<\/p>\n\n\n\n<p>\u201cHoje tive o prazer de receber uma Mo\u00e7\u00e3o de Aplausos na C\u00e2mara Municipal de Maric\u00e1, gostaria de agradecer aos vereadores, em especial, ao meu amigo Alberto da Maricaense. Dedico esta mo\u00e7\u00e3o a minha fam\u00edlia que \u00e9 a base de tudo e aos amigos e amigas que participam do Movimento Juventude Em A\u00e7\u00e3o!\u201d<\/p>\n\n\n\n<p>Victor frisou que a homenagem \u00e9 de todo o Movimento. <\/p>\n\n\n\n<p>\u201cEssa homenagem \u00e9 nossa! Fruto do nosso esfor\u00e7o e empenho por um futuro melhor! Que Deus continue nos aben\u00e7oando e proporcionando grandes acontecimentos para a fam\u00edlia Juventude Em A\u00e7\u00e3o! Obrigado, Deus! Que toda honra e gl\u00f3ria, seja dada a Ele!\u201d <\/p>\n\n\n\n<p>Fa\u00e7a parte do Movimento Juventude Em A\u00e7\u00e3o: 21 97257-6597<\/p>\n","protected":false},"excerpt":{"rendered":"<p>Foi concedido por iniciativa do vereador Alberto da Maricaense, uma mo\u00e7\u00e3o de aplausos para o idealizador do Movimento Social Juventude<\/p>\n","protected":false},"author":1,"featured_media":0,"comment_status":"open","ping_status":"open","sticky":false,"template":"","format":"standard","meta":{"colormag_page_container_layout":"default_layout","colormag_page_sidebar_layout":"default_layout","footnotes":""},"categories":[17],"tags":[],"class_list":["post-5245","post","type-post","status-publish","format-standard","hentry","category-politica"],"amp_enabled":true,"_links":{"self":[{"href":"https:\/\/maricatotal.com.br\/site\/wp-json\/wp\/v2\/posts\/5245","targetHints":{"allow":["GET"]}}],"collection":[{"href":"https:\/\/maricatotal.com.br\/site\/wp-json\/wp\/v2\/posts"}],"about":[{"href":"https:\/\/maricatotal.com.br\/site\/wp-json\/wp\/v2\/types\/post"}],"author":[{"embeddable":true,"href":"https:\/\/maricatotal.com.br\/site\/wp-json\/wp\/v2\/users\/1"}],"replies":[{"embeddable":true,"href":"https:\/\/maricatotal.com.br\/site\/wp-json\/wp\/v2\/comments?post=5245"}],"version-history":[{"count":0,"href":"https:\/\/maricatotal.com.br\/site\/wp-json\/wp\/v2\/posts\/5245\/revisions"}],"wp:attachment":[{"href":"https:\/\/maricatotal.com.br\/site\/wp-json\/wp\/v2\/media?parent=5245"}],"wp:term":[{"taxonomy":"category","embeddable":true,"href":"https:\/\/maricatotal.com.br\/site\/wp-json\/wp\/v2\/categories?post=5245"},{"taxonomy":"post_tag","embeddable":true,"href":"https:\/\/maricatotal.com.br\/site\/wp-json\/wp\/v2\/tags?post=5245"}],"curies":[{"name":"wp","href":"https:\/\/api.w.org\/{rel}","templated":true}]}}